{"id":2845,"date":"2022-05-31T19:34:50","date_gmt":"2022-05-31T19:34:50","guid":{"rendered":"https:\/\/www.sadhana-yoga.es\/es\/yoga-para-la-gestion-del-aula\/"},"modified":"2025-12-03T10:31:02","modified_gmt":"2025-12-03T10:31:02","slug":"yoga-para-la-gestion-del-aula","status":"publish","type":"post","link":"https:\/\/www.sadhana-yoga.es\/es\/yoga-para-la-gestion-del-aula\/","title":{"rendered":"YOGA PARA LA GESTI\u00d3N DEL AULA"},"content":{"rendered":"<p id=\"tw-target-text\" class=\"tw-data-text tw-text-large tw-ta\" dir=\"ltr\" data-placeholder=\"Traducci\u00f3\"><span class=\"Y2IQFc\" lang=\"es\">\u00bfEl yoga puede ofrecer herramientas para ayudar a los ni\u00f1os y ni\u00f1as en relaci\u00f3n con sus emociones y su aprendizaje?<\/span><span class=\"Y2IQFc\" lang=\"es\">Las alternativas y recursos que puedes encontrar en el yoga (tanto si lo practican como si no) para ayudar al crecimiento de los ni\u00f1os y ni\u00f1as son efectivos e interesantes.<\/span><\/p>\n<p class=\"tw-data-text tw-text-large tw-ta\" dir=\"ltr\" data-placeholder=\"Traducci\u00f3\"><span class=\"Y2IQFc\" lang=\"es\"> Los ni\u00f1os han sido y son los m\u00e1s vulnerables, a la vez que nos ha parecido que son los que se han adaptado m\u00e1s y mejor al estr\u00e9s de la pandemia, a los cambios en el sistema de aprendizaje al que han sido sometidos y adquisici\u00f3n de nuevas costumbres, muchas de ellas vinculadas a la tecnolog\u00eda. Todo han sido y son cambios dr\u00e1sticos en su crecimiento. <\/span><\/p>\n<p class=\"tw-data-text tw-text-large tw-ta\" dir=\"ltr\" data-placeholder=\"Traducci\u00f3\"><span class=\"Y2IQFc\" lang=\"es\">As\u00ed pues, presentamos esta formaci\u00f3n dirigida a maestros, educadores, monitores de ocio y familias, para descubrir t\u00e9cnicas de yoga en los procesos de aprendizaje y acompa\u00f1amiento de nuestras ni\u00f1as y ni\u00f1os.<\/span><\/p>\n<p class=\"tw-data-text tw-text-large tw-ta\" dir=\"ltr\" data-placeholder=\"Traducci\u00f3\"><span class=\"Y2IQFc\" lang=\"es\">Descubrir c\u00f3mo ayudarlos con nuevos recursos es el objetivo de esta formaci\u00f3n presentada por: Grisel.la Torroglosa<\/span><\/p>\n<p class=\"tw-data-text tw-text-large tw-ta\" dir=\"ltr\" data-placeholder=\"Traducci\u00f3\"><strong><span class=\"Y2IQFc\" lang=\"es\"> Las fechas de esta formaci\u00f3n ser\u00e1n los d\u00edas: 11,12 y 14 de julio de 9:30 a 13h, para experimentar sesiones de yoga integral y sesiones de Yoga para Educar\u00ae <\/span><\/strong><\/p>\n<p class=\"tw-data-text tw-text-large tw-ta\" dir=\"ltr\" data-placeholder=\"Traducci\u00f3\"><span class=\"Y2IQFc\" lang=\"es\"><strong>Las plazas son limitadas, as\u00ed que te aconsejamos realizar la reserva de tu plaza lo antes posible. enviando un mensaje de <a href=\"tel:+34612255831\" target=\"_blank\" rel=\"noopener\">whatsapp<\/a> o un correo electr\u00f3nico a S\u00e2dhana Yoga<\/strong>.<\/span><\/p>\n<p class=\"tw-data-text tw-text-large tw-ta\" dir=\"ltr\" data-placeholder=\"Traducci\u00f3\"><span class=\"Y2IQFc\" lang=\"es\"> Ser\u00e1 una gran oportunidad para descubrir c\u00f3mo el yoga puede ayudarte en la educaci\u00f3n, el descubrimiento de las emociones y el aprendizaje. Para aprender t\u00e9cnicas de yoga en la educaci\u00f3n, mejorar la atenci\u00f3n y el reconocimiento de las emociones.<\/span><\/p>\n<p class=\"tw-data-text tw-text-large tw-ta\" dir=\"ltr\" data-placeholder=\"Traducci\u00f3\"><span class=\"Y2IQFc\" lang=\"es\"> Recuerda que desde nuestro centro estamos interesados \u200b\u200ben crear actividades que nos ayuden como comunidad a mejorar nuestra percepci\u00f3n de los cambios que vivimos. As\u00ed que activa la campana de nuestra cuenta de <a href=\"https:\/\/www.instagram.com\/sadhanayogaigualada\/\" target=\"_blank\" rel=\"noopener\">Instagram<\/a> o, si lo prefieres, date de alta en nuestro canal de<a href=\"https:\/\/t.me\/comunitatsadhanayoga\" target=\"_blank\" rel=\"noopener\"> Telegram<\/a> PARA QUE RECIBAS POCAS PERO MUY BUENAS NOTICIAS.<\/span><\/p>\n<p class=\"tw-data-text tw-text-large tw-ta\" dir=\"ltr\" data-placeholder=\"Traducci\u00f3\"><span class=\"Y2IQFc\" lang=\"es\"> \u00bfTe parece una informaci\u00f3n interesante?<\/span><\/p>\n<p class=\"tw-data-text tw-text-large tw-ta\" dir=\"ltr\" data-placeholder=\"Traducci\u00f3\"><span class=\"Y2IQFc\" lang=\"es\"> COMP\u00c1RTELA, QUE EL UNIVERSO NECESITA QUE COMPARTIMOS BUENAS NOTICIAS.<\/span><\/p>\n<p dir=\"ltr\" data-placeholder=\"Traducci\u00f3\">\n","protected":false},"excerpt":{"rendered":"<p>\u00bfEl yoga puede ofrecer herramientas para ayudar a los ni\u00f1os y ni\u00f1as en relaci\u00f3n con sus emociones y su aprendizaje?Las [&hellip;]<\/p>\n","protected":false},"author":1,"featured_media":3137,"comment_status":"closed","ping_status":"closed","sticky":false,"template":"","format":"standard","meta":{"site-sidebar-layout":"default","site-content-layout":"","ast-site-content-layout":"default","site-content-style":"default","site-sidebar-style":"default","ast-global-header-display":"","ast-banner-title-visibility":"","ast-main-header-display":"","ast-hfb-above-header-display":"","ast-hfb-below-header-display":"","ast-hfb-mobile-header-display":"","site-post-title":"","ast-breadcrumbs-content":"","ast-featured-img":"","footer-sml-layout":"","ast-disable-related-posts":"","theme-transparent-header-meta":"","adv-header-id-meta":"","stick-header-meta":"","header-above-stick-meta":"","header-main-stick-meta":"","header-below-stick-meta":"","astra-migrate-meta-layouts":"set","ast-page-background-enabled":"default","ast-page-background-meta":{"desktop":{"background-color":"","background-image":"","background-repeat":"repeat","background-position":"center center","background-size":"auto","background-attachment":"scroll","background-type":"","background-media":"","overlay-type":"","overlay-color":"","overlay-opacity":"","overlay-gradient":""},"tablet":{"background-color":"","background-image":"","background-repeat":"repeat","background-position":"center center","background-size":"auto","background-attachment":"scroll","background-type":"","background-media":"","overlay-type":"","overlay-color":"","overlay-opacity":"","overlay-gradient":""},"mobile":{"background-color":"","background-image":"","background-repeat":"repeat","background-position":"center center","background-size":"auto","background-attachment":"scroll","background-type":"","background-media":"","overlay-type":"","overlay-color":"","overlay-opacity":"","overlay-gradient":""}},"ast-content-background-meta":{"desktop":{"background-color":"var(--ast-global-color-5)","background-image":"","background-repeat":"repeat","background-position":"center center","background-size":"auto","background-attachment":"scroll","background-type":"","background-media":"","overlay-type":"","overlay-color":"","overlay-opacity":"","overlay-gradient":""},"tablet":{"background-color":"var(--ast-global-color-5)","background-image":"","background-repeat":"repeat","background-position":"center center","background-size":"auto","background-attachment":"scroll","background-type":"","background-media":"","overlay-type":"","overlay-color":"","overlay-opacity":"","overlay-gradient":""},"mobile":{"background-color":"var(--ast-global-color-5)","background-image":"","background-repeat":"repeat","background-position":"center center","background-size":"auto","background-attachment":"scroll","background-type":"","background-media":"","overlay-type":"","overlay-color":"","overlay-opacity":"","overlay-gradient":""}},"footnotes":""},"categories":[20],"tags":[],"class_list":["post-2845","post","type-post","status-publish","format-standard","has-post-thumbnail","hentry","category-actividadesformacionessin-categorizar"],"_links":{"self":[{"href":"https:\/\/www.sadhana-yoga.es\/es\/wp-json\/wp\/v2\/posts\/2845","targetHints":{"allow":["GET"]}}],"collection":[{"href":"https:\/\/www.sadhana-yoga.es\/es\/wp-json\/wp\/v2\/posts"}],"about":[{"href":"https:\/\/www.sadhana-yoga.es\/es\/wp-json\/wp\/v2\/types\/post"}],"author":[{"embeddable":true,"href":"https:\/\/www.sadhana-yoga.es\/es\/wp-json\/wp\/v2\/users\/1"}],"replies":[{"embeddable":true,"href":"https:\/\/www.sadhana-yoga.es\/es\/wp-json\/wp\/v2\/comments?post=2845"}],"version-history":[{"count":1,"href":"https:\/\/www.sadhana-yoga.es\/es\/wp-json\/wp\/v2\/posts\/2845\/revisions"}],"predecessor-version":[{"id":3094,"href":"https:\/\/www.sadhana-yoga.es\/es\/wp-json\/wp\/v2\/posts\/2845\/revisions\/3094"}],"wp:featuredmedia":[{"embeddable":true,"href":"https:\/\/www.sadhana-yoga.es\/es\/wp-json\/wp\/v2\/media\/3137"}],"wp:attachment":[{"href":"https:\/\/www.sadhana-yoga.es\/es\/wp-json\/wp\/v2\/media?parent=2845"}],"wp:term":[{"taxonomy":"category","embeddable":true,"href":"https:\/\/www.sadhana-yoga.es\/es\/wp-json\/wp\/v2\/categories?post=2845"},{"taxonomy":"post_tag","embeddable":true,"href":"https:\/\/www.sadhana-yoga.es\/es\/wp-json\/wp\/v2\/tags?post=2845"}],"curies":[{"name":"wp","href":"https:\/\/api.w.org\/{rel}","templated":true}]}}