{"id":2849,"date":"2022-06-13T11:57:48","date_gmt":"2022-06-13T11:57:48","guid":{"rendered":"https:\/\/www.sadhana-yoga.es\/es\/manu-om-concert-de-mantres-kirtan-i-bhakti-yoga-2\/"},"modified":"2025-12-03T10:32:49","modified_gmt":"2025-12-03T10:32:49","slug":"manu-om-concert-de-mantres-kirtan-i-bhakti-yoga-2","status":"publish","type":"post","link":"https:\/\/www.sadhana-yoga.es\/es\/manu-om-concert-de-mantres-kirtan-i-bhakti-yoga-2\/","title":{"rendered":"Manu Om. Concert de Mantres, Kirtan i Bhakti Yoga"},"content":{"rendered":"<p>Concierto de Manu Om en S\u00e2dhana Yoga!!<\/p>\n<p>Res\u00e9rvate esta fecha: 15 de julio a las 19:00h.<\/p>\n<p><a href=\"https:\/\/open.spotify.com\/artist\/3IDlXr47CblqBW9qZvMhsY?si=rnpR22lXR5mcoiZOsdUpow&amp;nd=1\">Manu Om nos ofrecer\u00e1 un concierto de Mantres, Kirtan y Bhakti Yoga.<\/a><\/p>\n<p>Una bella propuesta para vibrar y compartir momentos de devoci\u00f3n hacia nosotros y hacia el universo.<\/p>\n<p>Asistir a este \u201cconcierto participativo\u201d es un regalo para iniciar este verano que tanto esperamos.<\/p>\n<p><strong>Es importante confirmar tu asistencia porque el aforo es limitado, enviando un mensaje de<\/strong> <a href=\"tel:+34612255831\" target=\"_blank\" rel=\"noopener\">whatsapp<\/a> <strong>o un<\/strong> correo electr\u00f3nico <strong>a S\u00e2dhana Yoga.<\/strong><\/p>\n<p>En S\u00e2dhana Yoga buscamos actividades que fomenten la felicidad, y ofrecemos recursos a nuestros alumnos y alumnas para una vida m\u00e1s feliz y sana.<\/p>\n<p>\u00danete a nuestra comunidad, conoce nuestras clases y sobre todo con\u00e9ctate contigo mismo.<\/p>\n<p>Precio: 20\u20ac<\/p>\n<p><strong><em>\u00abQue te levantes cantando, que practiques cantando, que camines cantando, que perdones cantando.<\/em><\/strong><\/p>\n<p><strong><em>Canta, canta, ca<\/em><em>nta&#8230;<\/em><\/strong><\/p>\n<p><strong><em>Que la muerte te encuentre cantando\u201d <\/em><\/strong>Manu Om<\/p>\n","protected":false},"excerpt":{"rendered":"<p>Concierto de Manu Om en S\u00e2dhana Yoga!! Res\u00e9rvate esta fecha: 15 de julio a las 19:00h. Manu Om nos ofrecer\u00e1 [&hellip;]<\/p>\n","protected":false},"author":1,"featured_media":3139,"comment_status":"closed","ping_status":"closed","sticky":false,"template":"","format":"standard","meta":{"site-sidebar-layout":"default","site-content-layout":"","ast-site-content-layout":"default","site-content-style":"default","site-sidebar-style":"default","ast-global-header-display":"","ast-banner-title-visibility":"","ast-main-header-display":"","ast-hfb-above-header-display":"","ast-hfb-below-header-display":"","ast-hfb-mobile-header-display":"","site-post-title":"","ast-breadcrumbs-content":"","ast-featured-img":"","footer-sml-layout":"","ast-disable-related-posts":"","theme-transparent-header-meta":"","adv-header-id-meta":"","stick-header-meta":"","header-above-stick-meta":"","header-main-stick-meta":"","header-below-stick-meta":"","astra-migrate-meta-layouts":"set","ast-page-background-enabled":"default","ast-page-background-meta":{"desktop":{"background-color":"","background-image":"","background-repeat":"repeat","background-position":"center center","background-size":"auto","background-attachment":"scroll","background-type":"","background-media":"","overlay-type":"","overlay-color":"","overlay-opacity":"","overlay-gradient":""},"tablet":{"background-color":"","background-image":"","background-repeat":"repeat","background-position":"center center","background-size":"auto","background-attachment":"scroll","background-type":"","background-media":"","overlay-type":"","overlay-color":"","overlay-opacity":"","overlay-gradient":""},"mobile":{"background-color":"","background-image":"","background-repeat":"repeat","background-position":"center center","background-size":"auto","background-attachment":"scroll","background-type":"","background-media":"","overlay-type":"","overlay-color":"","overlay-opacity":"","overlay-gradient":""}},"ast-content-background-meta":{"desktop":{"background-color":"var(--ast-global-color-5)","background-image":"","background-repeat":"repeat","background-position":"center center","background-size":"auto","background-attachment":"scroll","background-type":"","background-media":"","overlay-type":"","overlay-color":"","overlay-opacity":"","overlay-gradient":""},"tablet":{"background-color":"var(--ast-global-color-5)","background-image":"","background-repeat":"repeat","background-position":"center center","background-size":"auto","background-attachment":"scroll","background-type":"","background-media":"","overlay-type":"","overlay-color":"","overlay-opacity":"","overlay-gradient":""},"mobile":{"background-color":"var(--ast-global-color-5)","background-image":"","background-repeat":"repeat","background-position":"center center","background-size":"auto","background-attachment":"scroll","background-type":"","background-media":"","overlay-type":"","overlay-color":"","overlay-opacity":"","overlay-gradient":""}},"footnotes":""},"categories":[17],"tags":[],"class_list":["post-2849","post","type-post","status-publish","format-standard","has-post-thumbnail","hentry","category-actividadesclaseseventos"],"_links":{"self":[{"href":"https:\/\/www.sadhana-yoga.es\/es\/wp-json\/wp\/v2\/posts\/2849","targetHints":{"allow":["GET"]}}],"collection":[{"href":"https:\/\/www.sadhana-yoga.es\/es\/wp-json\/wp\/v2\/posts"}],"about":[{"href":"https:\/\/www.sadhana-yoga.es\/es\/wp-json\/wp\/v2\/types\/post"}],"author":[{"embeddable":true,"href":"https:\/\/www.sadhana-yoga.es\/es\/wp-json\/wp\/v2\/users\/1"}],"replies":[{"embeddable":true,"href":"https:\/\/www.sadhana-yoga.es\/es\/wp-json\/wp\/v2\/comments?post=2849"}],"version-history":[{"count":1,"href":"https:\/\/www.sadhana-yoga.es\/es\/wp-json\/wp\/v2\/posts\/2849\/revisions"}],"predecessor-version":[{"id":3088,"href":"https:\/\/www.sadhana-yoga.es\/es\/wp-json\/wp\/v2\/posts\/2849\/revisions\/3088"}],"wp:featuredmedia":[{"embeddable":true,"href":"https:\/\/www.sadhana-yoga.es\/es\/wp-json\/wp\/v2\/media\/3139"}],"wp:attachment":[{"href":"https:\/\/www.sadhana-yoga.es\/es\/wp-json\/wp\/v2\/media?parent=2849"}],"wp:term":[{"taxonomy":"category","embeddable":true,"href":"https:\/\/www.sadhana-yoga.es\/es\/wp-json\/wp\/v2\/categories?post=2849"},{"taxonomy":"post_tag","embeddable":true,"href":"https:\/\/www.sadhana-yoga.es\/es\/wp-json\/wp\/v2\/tags?post=2849"}],"curies":[{"name":"wp","href":"https:\/\/api.w.org\/{rel}","templated":true}]}}