{"id":2853,"date":"2022-07-06T19:44:11","date_gmt":"2022-07-06T19:44:11","guid":{"rendered":"https:\/\/www.sadhana-yoga.es\/es\/horarios-extraescolares-edades-de-4-a-12-anos\/"},"modified":"2025-12-03T10:34:18","modified_gmt":"2025-12-03T10:34:18","slug":"horarios-extraescolares-edades-de-4-a-12-anos","status":"publish","type":"post","link":"https:\/\/www.sadhana-yoga.es\/es\/horarios-extraescolares-edades-de-4-a-12-anos\/","title":{"rendered":"Horarios extraescolares. Edades de 4 a 12 a\u00f1os."},"content":{"rendered":"<p>Juega con el yoga y crece feliz.<\/p>\n<p>Deja a los j\u00f3venes y ni\u00f1os que descubran en la pr\u00e1ctica din\u00e1mica del yoga una forma de crecer m\u00e1s felices y sanos.<\/p>\n<p>Anima a tus hijas e hijos a descubrir nuestras clases de Yoga pensadas para diferentes edades y horarios.<\/p>\n<p>Iniciamos el 5 de septiembre.<\/p>\n<p>Quedan clases disponibles en algunos horarios.<\/p>\n<p><a href=\"https:\/\/wa.me\/message\/EDCRZK4D5QY6G1\" target=\"_blank\" rel=\"noopener\">Cons\u00faltanos aqu\u00ed.<\/a><\/p>\n<p>PEQUE\u00d1OS YOGUIS y YOGA A\u00c9REO<br \/>\nClases creativas, l\u00fadicas y din\u00e1micas, donde trabajaremos:<br \/>\nGesti\u00f3n de la energ\u00eda.<br \/>\nRespeto por el entorno.<br \/>\nAtenci\u00f3n y concentraci\u00f3n.<br \/>\nComunicaci\u00f3n con uno mismo y con los dem\u00e1s.<br \/>\nTransformaci\u00f3n.<br \/>\nValores.<\/p>\n<p>PEQUE\u00d1OS YOGUIS : LUNES Y MI\u00c9RCOLES A LAS 17:30H<br \/>\nYOGA A\u00c9REO NI\u00d1OS: MI\u00c9RCOLES Y VIERNES 17:30H<\/p>\n<p>EDADES DE 4 A 11 A\u00d1OS<\/p>\n<p>YOGA EN FAMILA; Familias, es muy importante compartir ratos de calidad con sus hijos e hijas. A partir de propuestas l\u00fadicas y divertidas conectar\u00e1 juntos con la esencia del Yoga. Tomar\u00e1 conciencia del cuerpo y la respiraci\u00f3n, a la vez que se relaje juntos y juntas.<\/p>\n<p>ACTIVIDAD QUINCENAL MARTES 17:30H<\/p>\n","protected":false},"excerpt":{"rendered":"<p>Juega con el yoga y crece feliz. Deja a los j\u00f3venes y ni\u00f1os que descubran en la pr\u00e1ctica din\u00e1mica del [&hellip;]<\/p>\n","protected":false},"author":1,"featured_media":3141,"comment_status":"closed","ping_status":"closed","sticky":false,"template":"","format":"standard","meta":{"site-sidebar-layout":"default","site-content-layout":"","ast-site-content-layout":"default","site-content-style":"default","site-sidebar-style":"default","ast-global-header-display":"","ast-banner-title-visibility":"","ast-main-header-display":"","ast-hfb-above-header-display":"","ast-hfb-below-header-display":"","ast-hfb-mobile-header-display":"","site-post-title":"","ast-breadcrumbs-content":"","ast-featured-img":"","footer-sml-layout":"","ast-disable-related-posts":"","theme-transparent-header-meta":"","adv-header-id-meta":"","stick-header-meta":"","header-above-stick-meta":"","header-main-stick-meta":"","header-below-stick-meta":"","astra-migrate-meta-layouts":"set","ast-page-background-enabled":"default","ast-page-background-meta":{"desktop":{"background-color":"","background-image":"","background-repeat":"repeat","background-position":"center center","background-size":"auto","background-attachment":"scroll","background-type":"","background-media":"","overlay-type":"","overlay-color":"","overlay-opacity":"","overlay-gradient":""},"tablet":{"background-color":"","background-image":"","background-repeat":"repeat","background-position":"center center","background-size":"auto","background-attachment":"scroll","background-type":"","background-media":"","overlay-type":"","overlay-color":"","overlay-opacity":"","overlay-gradient":""},"mobile":{"background-color":"","background-image":"","background-repeat":"repeat","background-position":"center center","background-size":"auto","background-attachment":"scroll","background-type":"","background-media":"","overlay-type":"","overlay-color":"","overlay-opacity":"","overlay-gradient":""}},"ast-content-background-meta":{"desktop":{"background-color":"var(--ast-global-color-5)","background-image":"","background-repeat":"repeat","background-position":"center center","background-size":"auto","background-attachment":"scroll","background-type":"","background-media":"","overlay-type":"","overlay-color":"","overlay-opacity":"","overlay-gradient":""},"tablet":{"background-color":"var(--ast-global-color-5)","background-image":"","background-repeat":"repeat","background-position":"center center","background-size":"auto","background-attachment":"scroll","background-type":"","background-media":"","overlay-type":"","overlay-color":"","overlay-opacity":"","overlay-gradient":""},"mobile":{"background-color":"var(--ast-global-color-5)","background-image":"","background-repeat":"repeat","background-position":"center center","background-size":"auto","background-attachment":"scroll","background-type":"","background-media":"","overlay-type":"","overlay-color":"","overlay-opacity":"","overlay-gradient":""}},"footnotes":""},"categories":[15,11],"tags":[],"class_list":["post-2853","post","type-post","status-publish","format-standard","has-post-thumbnail","hentry","category-actividades","category-sin-categorizar"],"_links":{"self":[{"href":"https:\/\/www.sadhana-yoga.es\/es\/wp-json\/wp\/v2\/posts\/2853","targetHints":{"allow":["GET"]}}],"collection":[{"href":"https:\/\/www.sadhana-yoga.es\/es\/wp-json\/wp\/v2\/posts"}],"about":[{"href":"https:\/\/www.sadhana-yoga.es\/es\/wp-json\/wp\/v2\/types\/post"}],"author":[{"embeddable":true,"href":"https:\/\/www.sadhana-yoga.es\/es\/wp-json\/wp\/v2\/users\/1"}],"replies":[{"embeddable":true,"href":"https:\/\/www.sadhana-yoga.es\/es\/wp-json\/wp\/v2\/comments?post=2853"}],"version-history":[{"count":1,"href":"https:\/\/www.sadhana-yoga.es\/es\/wp-json\/wp\/v2\/posts\/2853\/revisions"}],"predecessor-version":[{"id":3083,"href":"https:\/\/www.sadhana-yoga.es\/es\/wp-json\/wp\/v2\/posts\/2853\/revisions\/3083"}],"wp:featuredmedia":[{"embeddable":true,"href":"https:\/\/www.sadhana-yoga.es\/es\/wp-json\/wp\/v2\/media\/3141"}],"wp:attachment":[{"href":"https:\/\/www.sadhana-yoga.es\/es\/wp-json\/wp\/v2\/media?parent=2853"}],"wp:term":[{"taxonomy":"category","embeddable":true,"href":"https:\/\/www.sadhana-yoga.es\/es\/wp-json\/wp\/v2\/categories?post=2853"},{"taxonomy":"post_tag","embeddable":true,"href":"https:\/\/www.sadhana-yoga.es\/es\/wp-json\/wp\/v2\/tags?post=2853"}],"curies":[{"name":"wp","href":"https:\/\/api.w.org\/{rel}","templated":true}]}}