{"id":2859,"date":"2022-09-27T19:22:19","date_gmt":"2022-09-27T19:22:19","guid":{"rendered":"https:\/\/www.sadhana-yoga.es\/es\/taller-de-danza-dona-i-veu\/"},"modified":"2025-12-03T10:37:21","modified_gmt":"2025-12-03T10:37:21","slug":"taller-de-danza-dona-i-veu","status":"publish","type":"post","link":"https:\/\/www.sadhana-yoga.es\/es\/taller-de-danza-dona-i-veu\/","title":{"rendered":"TALLER DE DANZA D\u00d4N\u00c4 I VEU"},"content":{"rendered":"<p>\u00bfSab\u00edas que existe una conexi\u00f3n entre la matriz y la voz?<br \/>\n\u00bfSab\u00edas que la flexibilidad o rigidez, apertura o cierre de estos dos centros est\u00e1n \u00edntimamente vinculados?<br \/>\n\u00bfSab\u00edas que al armonizarlos sientes el renacer de tu esencia creativa y experimentas el poder de todo tu potencial femenino? .<\/p>\n<p>\u00bfSab\u00edas que preparamos un taller llamado: TALLER DANZA D\u00d6N\u00c2 I VEU con la gu\u00eda de Marta Vidal?<\/p>\n<p>Ap\u00fantate la fecha: 15 de octubre de 11h00 a 12h30<br \/>\nPRECIO: 20\u20ac<\/p>\n<p>Durante una hora y 30 minutos podr\u00e1s disfrutar de diferentes t\u00e9cnicas de baile, como la danza cl\u00e1sica, el ser, contempor\u00e1nea, danza del vientre o africana. Marta lo complementa con un laboratorio de voz donde mezcla el canto esencial, ancestral, celestial, sexual. Muy emocionante.<br \/>\nEs una exploraci\u00f3n de la voz con todas las posibilidades que tu sensibilidad y de los que est\u00e1n presentes en el taller, pueden o\u00edr y compartir.<\/p>\n<p>Es una oportunidad de disfrutar, descubrir c\u00f3mo tu propio arte te llena de energ\u00eda.<br \/>\nEs una oportunidad para mimarte y amarte.<\/p>\n<p>Esperamos que te unas. Sola o con m\u00e1s personas con las que quieras experimentar qu\u00e9 ocurre cuando liberas tu voz y tu cuerpo. Cuando danzas, te mueves y cantas.<\/p>\n<p>\u00a1Te esperamos!<\/p>\n","protected":false},"excerpt":{"rendered":"<p>\u00bfSab\u00edas que existe una conexi\u00f3n entre la matriz y la voz? \u00bfSab\u00edas que la flexibilidad o rigidez, apertura o cierre [&hellip;]<\/p>\n","protected":false},"author":1,"featured_media":3144,"comment_status":"closed","ping_status":"closed","sticky":false,"template":"","format":"standard","meta":{"site-sidebar-layout":"default","site-content-layout":"","ast-site-content-layout":"default","site-content-style":"default","site-sidebar-style":"default","ast-global-header-display":"","ast-banner-title-visibility":"","ast-main-header-display":"","ast-hfb-above-header-display":"","ast-hfb-below-header-display":"","ast-hfb-mobile-header-display":"","site-post-title":"","ast-breadcrumbs-content":"","ast-featured-img":"","footer-sml-layout":"","ast-disable-related-posts":"","theme-transparent-header-meta":"","adv-header-id-meta":"","stick-header-meta":"","header-above-stick-meta":"","header-main-stick-meta":"","header-below-stick-meta":"","astra-migrate-meta-layouts":"set","ast-page-background-enabled":"default","ast-page-background-meta":{"desktop":{"background-color":"","background-image":"","background-repeat":"repeat","background-position":"center center","background-size":"auto","background-attachment":"scroll","background-type":"","background-media":"","overlay-type":"","overlay-color":"","overlay-opacity":"","overlay-gradient":""},"tablet":{"background-color":"","background-image":"","background-repeat":"repeat","background-position":"center center","background-size":"auto","background-attachment":"scroll","background-type":"","background-media":"","overlay-type":"","overlay-color":"","overlay-opacity":"","overlay-gradient":""},"mobile":{"background-color":"","background-image":"","background-repeat":"repeat","background-position":"center center","background-size":"auto","background-attachment":"scroll","background-type":"","background-media":"","overlay-type":"","overlay-color":"","overlay-opacity":"","overlay-gradient":""}},"ast-content-background-meta":{"desktop":{"background-color":"var(--ast-global-color-5)","background-image":"","background-repeat":"repeat","background-position":"center center","background-size":"auto","background-attachment":"scroll","background-type":"","background-media":"","overlay-type":"","overlay-color":"","overlay-opacity":"","overlay-gradient":""},"tablet":{"background-color":"var(--ast-global-color-5)","background-image":"","background-repeat":"repeat","background-position":"center center","background-size":"auto","background-attachment":"scroll","background-type":"","background-media":"","overlay-type":"","overlay-color":"","overlay-opacity":"","overlay-gradient":""},"mobile":{"background-color":"var(--ast-global-color-5)","background-image":"","background-repeat":"repeat","background-position":"center center","background-size":"auto","background-attachment":"scroll","background-type":"","background-media":"","overlay-type":"","overlay-color":"","overlay-opacity":"","overlay-gradient":""}},"footnotes":""},"categories":[23],"tags":[],"class_list":["post-2859","post","type-post","status-publish","format-standard","has-post-thumbnail","hentry","category-actividadeseventos"],"_links":{"self":[{"href":"https:\/\/www.sadhana-yoga.es\/es\/wp-json\/wp\/v2\/posts\/2859","targetHints":{"allow":["GET"]}}],"collection":[{"href":"https:\/\/www.sadhana-yoga.es\/es\/wp-json\/wp\/v2\/posts"}],"about":[{"href":"https:\/\/www.sadhana-yoga.es\/es\/wp-json\/wp\/v2\/types\/post"}],"author":[{"embeddable":true,"href":"https:\/\/www.sadhana-yoga.es\/es\/wp-json\/wp\/v2\/users\/1"}],"replies":[{"embeddable":true,"href":"https:\/\/www.sadhana-yoga.es\/es\/wp-json\/wp\/v2\/comments?post=2859"}],"version-history":[{"count":1,"href":"https:\/\/www.sadhana-yoga.es\/es\/wp-json\/wp\/v2\/posts\/2859\/revisions"}],"predecessor-version":[{"id":3074,"href":"https:\/\/www.sadhana-yoga.es\/es\/wp-json\/wp\/v2\/posts\/2859\/revisions\/3074"}],"wp:featuredmedia":[{"embeddable":true,"href":"https:\/\/www.sadhana-yoga.es\/es\/wp-json\/wp\/v2\/media\/3144"}],"wp:attachment":[{"href":"https:\/\/www.sadhana-yoga.es\/es\/wp-json\/wp\/v2\/media?parent=2859"}],"wp:term":[{"taxonomy":"category","embeddable":true,"href":"https:\/\/www.sadhana-yoga.es\/es\/wp-json\/wp\/v2\/categories?post=2859"},{"taxonomy":"post_tag","embeddable":true,"href":"https:\/\/www.sadhana-yoga.es\/es\/wp-json\/wp\/v2\/tags?post=2859"}],"curies":[{"name":"wp","href":"https:\/\/api.w.org\/{rel}","templated":true}]}}