{"id":2861,"date":"2022-10-11T19:11:41","date_gmt":"2022-10-11T19:11:41","guid":{"rendered":"https:\/\/www.sadhana-yoga.es\/es\/formacion-de-yoga\/"},"modified":"2025-12-03T10:39:17","modified_gmt":"2025-12-03T10:39:17","slug":"formacion-de-yoga","status":"publish","type":"post","link":"https:\/\/www.sadhana-yoga.es\/es\/formacion-de-yoga\/","title":{"rendered":"FORMACI\u00d3N DE YOGA"},"content":{"rendered":"<p>Kriya Hatha Vinyasa con Samuel Gunas.<\/p>\n<p>Curso acreditado por Yoga Alliance<\/p>\n<p>Formaci\u00f3n presencial de 300 horas<\/p>\n<p>\u2026<\/p>\n<p>Inicio en enero de 2023 . Finaliza en junio de 2024.<\/p>\n<p dir=\"ltr\"><a href=\"tel:+34612255831\" target=\"_blank\" rel=\"noopener\">+34 612255831<\/a><\/p>\n<p><strong>Esta formaci\u00f3n es para ti si:<\/strong><\/p>\n<p>\u21b3Te interesa profundizar en el conocimiento y\u00f3guico en toda su expresi\u00f3n.<\/p>\n<p>\u21b3Si no tienes experiencia en esta \u00e1rea y quieres explorar e incorporar a tu vida los beneficios y t\u00e9cnicas del yoga.<\/p>\n<p>\u21b3\u00bfEres practicante de yoga? Esta formaci\u00f3n te interesa por conocer e ir m\u00e1s all\u00e1 en tu propia pr\u00e1ctica.<\/p>\n<p>\u21b3Quieres dedicarte a formar m\u00e1s personas (esta formaci\u00f3n te dar\u00e1 la opci\u00f3n de dar clases pero no de ser formador) y hacer del yoga tu profesi\u00f3n.<\/p>\n<p>\u21b3Ya eres profesor de yoga y quieres adentrarte en una nueva formaci\u00f3n. Revisando de nuevo los contenidos y actualizarlos para renovar su relaci\u00f3n con esta disciplina.<\/p>\n<p><strong>\u00bfQu\u00e9 obtendr\u00e1s en la formaci\u00f3n?<\/strong><\/p>\n<p>\u21b3 Conocer\u00e1s las bases del yoga.<\/p>\n<p>\u21b3 Podr\u00e1s revisar o conocer las bases de algunas derivaciones de esta pr\u00e1ctica.<\/p>\n<p>\u21b3 Entender\u00e1s mejor tu pr\u00e1ctica a trav\u00e9s de los conocimientos te\u00f3ricos.<\/p>\n<p>\u21b3 Te sentir\u00e1s m\u00e1s seguro como practicante.<\/p>\n<p>\u21b3 Ser\u00e1 un viaje \u00fanico de transformaci\u00f3n y liberaci\u00f3n de la conciencia.<\/p>\n<p>La humanidad est\u00e1 en un momento de cambio en el que es necesario liberar las t\u00e9cnicas m\u00e1s profundas y directas de las disciplinas m\u00e1s humanas como el yoga para su evoluci\u00f3n. Por eso en este curso le ofrecemos la oportunidad de experimentarlas, sentirlas, aprenderlas, y si te apetece, ense\u00f1arlas.<\/p>\n<p><strong>Conoce a nuestro formador:<\/strong><\/p>\n<p>Samuel Gunas.<br \/>\nHatha Vinyasa Yoga. Kriya Yoga.<br \/>\nTaix\u00ed y Qigong<\/p>\n<p>El Tao\u00edsmo y artes marciales fueron mi inicio en ese camino al que llegu\u00e9 a partir de hacerme preguntas existenciales y sentirme perdido. Empec\u00e9 a estudiar Tao\u00edsmo y artes marciales.<br \/>\nEnseguida lleg\u00f3 a mi vida el inter\u00e9s por los valores de diversas religiones, filosof\u00edas y medicina tradicional china. Todo este proceso durante m\u00e1s de 6 a\u00f1os me ha llenado de vivencias y conocimientos que combino con la pr\u00e1ctica y formaci\u00f3n del yoga.<br \/>\nMe form\u00e9 en el yoga en la escuela Kriya Yoga de Babaji y en SRF (Self Realization Fellowship &#8211; Paramahansa Yoganada) y \u00e9sta ha sido mi mayor influencia. Esto me lleva a un espacio de profundidad, paz y autoconocimiento.<\/p>\n<p>He complementado mi conocimiento con Mandiram Vinyasa Yoga y en Yogaone, donde aprend\u00ed Hatha y diferentes estilos m\u00e1s.<\/p>\n<p>Hoy, despu\u00e9s de 12 a\u00f1os desde que empez\u00f3 mi camino, puedo asegurar que cada cosa se me ha presentado en el momento indicado cuando estaba listo para ella, y ahora es el momento para ofrecerte todo mi conocimiento. He creado esta formaci\u00f3n para que puedas descubrir una nueva forma de incorporar el yoga a tu vida.<\/p>\n<p><strong>Colaboradores<\/strong><br \/>\nDavid Espinosa<br \/>\nEspecialista en Ayurveda<\/p>\n<p>Carla Cruells<br \/>\nEspecialista en Astrolog\u00eda<\/p>\n<p>Laura S\u00e1nchez<br \/>\nEspecialista en Yoga Kids<\/p>\n<p>Ganesha Project<br \/>\nBhakti Yoga y Kirtan<\/p>\n<p>Movimiento Awake<br \/>\nBa\u00f1os de sonido<\/p>\n<p><strong>Resumen del contenido<\/strong><br \/>\nHistoria y filosof\u00eda del yoga.<br \/>\nAjustes de Asana.<br \/>\nAnatom\u00eda.<br \/>\nPranayama.<br \/>\nMeditaci\u00f3n.<br \/>\nAyurveda.<br \/>\nAstrolog\u00eda.<br \/>\nAspectos sutiles del yoga.<br \/>\nMantra y kirt\u00e1n.<br \/>\nPedagog\u00eda.<br \/>\nMetodolog\u00eda para avanzar en la pr\u00e1ctica espiritual.<br \/>\nRetiro de silencio.<br \/>\nPr\u00e1cticas.<\/p>\n<p><strong>Lugar, Fechas, horario<\/strong><br \/>\nS\u00e2dhana Yoga<br \/>\nAv. Barcelona 182 En local 1 Igualada, Barcelona<br \/>\nS\u00e1bado de 9:30h a 19:00h, con pausa para el almuerzo y desayuno.<br \/>\nDomingo de 10:30h a 16:00h, con pausa para el almuerzo.<\/p>\n<p>14\/15de Enero2023<br \/>\n25\/26 de Febrero2023<br \/>\n25\/26 de Marzo2023<br \/>\n22\/23 de Abril 2023<br \/>\n13\/14 de Mayo 2023<br \/>\n17\/18 de Junio \u200b\u200b2023<br \/>\n22\/23 de Julio 2023<br \/>\n9\/10 de Septiembre2023<br \/>\n14\/15 de Octubre 2023<\/p>\n<p>13\/14 de Enero 2024<br \/>\n17\/18 de Febrero 2024<br \/>\n16\/17 de Marzo 2024<br \/>\n13\/14 de Abril 2024<br \/>\n10\/11\/12 de Mayo 2024 (Retiro de silencio)<br \/>\n22\/23 de Junio \u200b\u200b2024<\/p>\n<p><strong>Precios y forma de pago<\/strong><\/p>\n<p>1670 \u20ac (pago al contado al inscribirse)<\/p>\n<p>1830 \u20ac (pago con matr\u00edcula y tres cuotas bimensuales. 600 \u20ac al inscribirse, 410 \u20ac en febrero, 410 \u20ac en abril<\/p>\n<p>y 410 \u20ac en junio)<\/p>\n<p><strong>Acreditaci\u00f3n:<\/strong><\/p>\n<p>Curso acreditado por Yoga Alliance, 300h.<\/p>\n<p>Se dar\u00e1 soporte did\u00e1ctico en formato digital.<\/p>\n<p><a href=\"https:\/\/forms.gle\/M4UvRG8xdd7c8efK9\">Inscr\u00edbete aqu\u00ed<\/a><\/p>\n<p>El \u00e9xito del yoga no est\u00e1 en la capacidad de hacer posturas, sino en c\u00f3mo cambia positivamente la forma en que vivimos nuestra vida y nuestras relaciones.<\/p>\n<p>T.K.V. Desikachar<\/p>\n","protected":false},"excerpt":{"rendered":"<p>Kriya Hatha Vinyasa con Samuel Gunas. Curso acreditado por Yoga Alliance Formaci\u00f3n presencial de 300 horas \u2026 Inicio en enero [&hellip;]<\/p>\n","protected":false},"author":1,"featured_media":3145,"comment_status":"closed","ping_status":"closed","sticky":false,"template":"","format":"standard","meta":{"site-sidebar-layout":"default","site-content-layout":"","ast-site-content-layout":"default","site-content-style":"default","site-sidebar-style":"default","ast-global-header-display":"","ast-banner-title-visibility":"","ast-main-header-display":"","ast-hfb-above-header-display":"","ast-hfb-below-header-display":"","ast-hfb-mobile-header-display":"","site-post-title":"","ast-breadcrumbs-content":"","ast-featured-img":"","footer-sml-layout":"","ast-disable-related-posts":"","theme-transparent-header-meta":"","adv-header-id-meta":"","stick-header-meta":"","header-above-stick-meta":"","header-main-stick-meta":"","header-below-stick-meta":"","astra-migrate-meta-layouts":"set","ast-page-background-enabled":"default","ast-page-background-meta":{"desktop":{"background-color":"","background-image":"","background-repeat":"repeat","background-position":"center center","background-size":"auto","background-attachment":"scroll","background-type":"","background-media":"","overlay-type":"","overlay-color":"","overlay-opacity":"","overlay-gradient":""},"tablet":{"background-color":"","background-image":"","background-repeat":"repeat","background-position":"center center","background-size":"auto","background-attachment":"scroll","background-type":"","background-media":"","overlay-type":"","overlay-color":"","overlay-opacity":"","overlay-gradient":""},"mobile":{"background-color":"","background-image":"","background-repeat":"repeat","background-position":"center center","background-size":"auto","background-attachment":"scroll","background-type":"","background-media":"","overlay-type":"","overlay-color":"","overlay-opacity":"","overlay-gradient":""}},"ast-content-background-meta":{"desktop":{"background-color":"var(--ast-global-color-5)","background-image":"","background-repeat":"repeat","background-position":"center center","background-size":"auto","background-attachment":"scroll","background-type":"","background-media":"","overlay-type":"","overlay-color":"","overlay-opacity":"","overlay-gradient":""},"tablet":{"background-color":"var(--ast-global-color-5)","background-image":"","background-repeat":"repeat","background-position":"center center","background-size":"auto","background-attachment":"scroll","background-type":"","background-media":"","overlay-type":"","overlay-color":"","overlay-opacity":"","overlay-gradient":""},"mobile":{"background-color":"var(--ast-global-color-5)","background-image":"","background-repeat":"repeat","background-position":"center center","background-size":"auto","background-attachment":"scroll","background-type":"","background-media":"","overlay-type":"","overlay-color":"","overlay-opacity":"","overlay-gradient":""}},"footnotes":""},"categories":[25],"tags":[],"class_list":["post-2861","post","type-post","status-publish","format-standard","has-post-thumbnail","hentry","category-formaciones"],"_links":{"self":[{"href":"https:\/\/www.sadhana-yoga.es\/es\/wp-json\/wp\/v2\/posts\/2861","targetHints":{"allow":["GET"]}}],"collection":[{"href":"https:\/\/www.sadhana-yoga.es\/es\/wp-json\/wp\/v2\/posts"}],"about":[{"href":"https:\/\/www.sadhana-yoga.es\/es\/wp-json\/wp\/v2\/types\/post"}],"author":[{"embeddable":true,"href":"https:\/\/www.sadhana-yoga.es\/es\/wp-json\/wp\/v2\/users\/1"}],"replies":[{"embeddable":true,"href":"https:\/\/www.sadhana-yoga.es\/es\/wp-json\/wp\/v2\/comments?post=2861"}],"version-history":[{"count":1,"href":"https:\/\/www.sadhana-yoga.es\/es\/wp-json\/wp\/v2\/posts\/2861\/revisions"}],"predecessor-version":[{"id":3071,"href":"https:\/\/www.sadhana-yoga.es\/es\/wp-json\/wp\/v2\/posts\/2861\/revisions\/3071"}],"wp:featuredmedia":[{"embeddable":true,"href":"https:\/\/www.sadhana-yoga.es\/es\/wp-json\/wp\/v2\/media\/3145"}],"wp:attachment":[{"href":"https:\/\/www.sadhana-yoga.es\/es\/wp-json\/wp\/v2\/media?parent=2861"}],"wp:term":[{"taxonomy":"category","embeddable":true,"href":"https:\/\/www.sadhana-yoga.es\/es\/wp-json\/wp\/v2\/categories?post=2861"},{"taxonomy":"post_tag","embeddable":true,"href":"https:\/\/www.sadhana-yoga.es\/es\/wp-json\/wp\/v2\/tags?post=2861"}],"curies":[{"name":"wp","href":"https:\/\/api.w.org\/{rel}","templated":true}]}}