{"id":2865,"date":"2022-11-15T11:56:24","date_gmt":"2022-11-15T11:56:24","guid":{"rendered":"https:\/\/www.sadhana-yoga.es\/es\/presentacion-de-la-formacion-de-yoga-300h\/"},"modified":"2025-12-03T10:42:37","modified_gmt":"2025-12-03T10:42:37","slug":"presentacion-de-la-formacion-de-yoga-300h","status":"publish","type":"post","link":"https:\/\/www.sadhana-yoga.es\/es\/presentacion-de-la-formacion-de-yoga-300h\/","title":{"rendered":"PRESENTACI\u00d3N DE LA FORMACI\u00d3N DE YOGA 300H"},"content":{"rendered":"<p>Te invitamos a la <strong>presentaci\u00f3n del curso de Formaci\u00f3n de Yoga 300h Kriya Hatha Vinyasa<\/strong>, acreditado por Yoga Alliance.<\/p>\n<p>Para empezar realizaremos una pr\u00e1ctica completa de Yoga, a continuaci\u00f3n Samuel Gunas nos presentar\u00e1 el contenido del curso y m\u00e1s tarde se ofrecer\u00e1 un espacio para dudas y preguntas que puedan surgir.<\/p>\n<p>Esta formaci\u00f3n te permitir\u00e1 iniciarte en el yoga, profundizar en sus conocimientos y formarte como profesor\/a.<\/p>\n<p><strong>RESERVA TU PLAZA Y AP\u00daNTATE A ESTA PRESENTACI\u00d3N DE FORMACI\u00d3N DE YOGA QUE OFRECEMOS A NUESTRO CENTRO:<\/strong><\/p>\n<p>FORMACI\u00d3N DE YOGA Kriya Hatha Vinyasa 300h<br \/>\nCurso acreditado por Yoga Alliance y dirigida por Samuel Gunas con la colaboraci\u00f3n de varios profesionales y especialistas en distintas \u00e1reas.<\/p>\n<p>\u00bfTienes alguna duda o quieres m\u00e1s informaci\u00f3n?<br \/>\nEnv\u00edanos un mensaje o contacta con nosotros por <a href=\"tel:+34612255831\" target=\"_blank\" rel=\"noopener\">WhatsApp<\/a><br \/>\no por EMAIL<\/p>\n<p>Una oportunidad de fortalecer las opciones profesionales para todas aquellas personas que quieren dedicarse a la formaci\u00f3n en este \u00e1mbito y en otros vinculados, y tambi\u00e9n a los que ya son formadores y necesitan captar y refrescar conocimientos e ideas.<br \/>\nIgualmente, para los interesados \u200b\u200ben profundizar en su conocimiento y\u00f3guico en toda su expresi\u00f3n. Esta propuesta formativa significa un nuevo avance en la implicaci\u00f3n de S\u00e2dhana Yoga con la comarca, haciendo posible la consecuci\u00f3n de esta certificaci\u00f3n en la ciudad, con la confianza que da la experiencia de casi dieciocho a\u00f1os en la divulgaci\u00f3n del yoga, y todav\u00eda m\u00e1s con la vinculaci\u00f3n de su pr\u00e1ctica, conduciendo al crecimiento y bienestar de las personas.<br \/>\nEsta formaci\u00f3n en Igualada consta de un curso de 300 horas distribuidas en varios fines de semana (horario pensado para optimizar el tiempo de los participantes) y abre una nueva v\u00eda curricular a los formadores que quieren que su trabajo ayude a mejorar la vida de los dem\u00e1s.<br \/>\nTe esperamos.<\/p>\n","protected":false},"excerpt":{"rendered":"<p>Te invitamos a la presentaci\u00f3n del curso de Formaci\u00f3n de Yoga 300h Kriya Hatha Vinyasa, acreditado por Yoga Alliance. Para [&hellip;]<\/p>\n","protected":false},"author":1,"featured_media":3148,"comment_status":"closed","ping_status":"closed","sticky":false,"template":"","format":"standard","meta":{"site-sidebar-layout":"default","site-content-layout":"","ast-site-content-layout":"default","site-content-style":"default","site-sidebar-style":"default","ast-global-header-display":"","ast-banner-title-visibility":"","ast-main-header-display":"","ast-hfb-above-header-display":"","ast-hfb-below-header-display":"","ast-hfb-mobile-header-display":"","site-post-title":"","ast-breadcrumbs-content":"","ast-featured-img":"","footer-sml-layout":"","ast-disable-related-posts":"","theme-transparent-header-meta":"","adv-header-id-meta":"","stick-header-meta":"","header-above-stick-meta":"","header-main-stick-meta":"","header-below-stick-meta":"","astra-migrate-meta-layouts":"set","ast-page-background-enabled":"default","ast-page-background-meta":{"desktop":{"background-color":"","background-image":"","background-repeat":"repeat","background-position":"center center","background-size":"auto","background-attachment":"scroll","background-type":"","background-media":"","overlay-type":"","overlay-color":"","overlay-opacity":"","overlay-gradient":""},"tablet":{"background-color":"","background-image":"","background-repeat":"repeat","background-position":"center center","background-size":"auto","background-attachment":"scroll","background-type":"","background-media":"","overlay-type":"","overlay-color":"","overlay-opacity":"","overlay-gradient":""},"mobile":{"background-color":"","background-image":"","background-repeat":"repeat","background-position":"center center","background-size":"auto","background-attachment":"scroll","background-type":"","background-media":"","overlay-type":"","overlay-color":"","overlay-opacity":"","overlay-gradient":""}},"ast-content-background-meta":{"desktop":{"background-color":"var(--ast-global-color-5)","background-image":"","background-repeat":"repeat","background-position":"center center","background-size":"auto","background-attachment":"scroll","background-type":"","background-media":"","overlay-type":"","overlay-color":"","overlay-opacity":"","overlay-gradient":""},"tablet":{"background-color":"var(--ast-global-color-5)","background-image":"","background-repeat":"repeat","background-position":"center center","background-size":"auto","background-attachment":"scroll","background-type":"","background-media":"","overlay-type":"","overlay-color":"","overlay-opacity":"","overlay-gradient":""},"mobile":{"background-color":"var(--ast-global-color-5)","background-image":"","background-repeat":"repeat","background-position":"center center","background-size":"auto","background-attachment":"scroll","background-type":"","background-media":"","overlay-type":"","overlay-color":"","overlay-opacity":"","overlay-gradient":""}},"footnotes":""},"categories":[12],"tags":[],"class_list":["post-2865","post","type-post","status-publish","format-standard","has-post-thumbnail","hentry","category-claseseventos"],"_links":{"self":[{"href":"https:\/\/www.sadhana-yoga.es\/es\/wp-json\/wp\/v2\/posts\/2865","targetHints":{"allow":["GET"]}}],"collection":[{"href":"https:\/\/www.sadhana-yoga.es\/es\/wp-json\/wp\/v2\/posts"}],"about":[{"href":"https:\/\/www.sadhana-yoga.es\/es\/wp-json\/wp\/v2\/types\/post"}],"author":[{"embeddable":true,"href":"https:\/\/www.sadhana-yoga.es\/es\/wp-json\/wp\/v2\/users\/1"}],"replies":[{"embeddable":true,"href":"https:\/\/www.sadhana-yoga.es\/es\/wp-json\/wp\/v2\/comments?post=2865"}],"version-history":[{"count":1,"href":"https:\/\/www.sadhana-yoga.es\/es\/wp-json\/wp\/v2\/posts\/2865\/revisions"}],"predecessor-version":[{"id":3065,"href":"https:\/\/www.sadhana-yoga.es\/es\/wp-json\/wp\/v2\/posts\/2865\/revisions\/3065"}],"wp:featuredmedia":[{"embeddable":true,"href":"https:\/\/www.sadhana-yoga.es\/es\/wp-json\/wp\/v2\/media\/3148"}],"wp:attachment":[{"href":"https:\/\/www.sadhana-yoga.es\/es\/wp-json\/wp\/v2\/media?parent=2865"}],"wp:term":[{"taxonomy":"category","embeddable":true,"href":"https:\/\/www.sadhana-yoga.es\/es\/wp-json\/wp\/v2\/categories?post=2865"},{"taxonomy":"post_tag","embeddable":true,"href":"https:\/\/www.sadhana-yoga.es\/es\/wp-json\/wp\/v2\/tags?post=2865"}],"curies":[{"name":"wp","href":"https:\/\/api.w.org\/{rel}","templated":true}]}}