{"id":2867,"date":"2022-11-16T13:26:02","date_gmt":"2022-11-16T13:26:02","guid":{"rendered":"https:\/\/www.sadhana-yoga.es\/es\/casal-de-navidad\/"},"modified":"2025-12-03T11:59:27","modified_gmt":"2025-12-03T11:59:27","slug":"casal-de-navidad","status":"publish","type":"post","link":"https:\/\/www.sadhana-yoga.es\/es\/casal-de-navidad\/","title":{"rendered":"CASAL DE NAVIDAD"},"content":{"rendered":"<p>En Navidad, celebraremos la llegada de la luz.<\/p>\n<p>Ya puedes apuntar a tus ni\u00f1as o ni\u00f1os en el Casal de Navidad de S\u00e2dhana Yoga.<\/p>\n<p><strong>LOS DIAS DE DICIEMBRE<\/strong><\/p>\n<p><strong>22 jueves<\/strong><\/p>\n<p><strong>23 viernes<\/strong><\/p>\n<p><strong>27 martes<\/strong><\/p>\n<p><strong>28 mi\u00e9rcoles<\/strong><\/p>\n<p><strong>29 jueves<\/strong><\/p>\n<p><strong>30 viernes<\/strong><\/p>\n<p>Descubriremos que el yoga educa, jugaremos con el yoga a\u00e9reo, hablaremos de responsabilidad ecol\u00f3gica y liberaremos nuestra creatividad.<\/p>\n<p>Si tus ni\u00f1os est\u00e1n entre los:<\/p>\n<p><strong>3 a 14 a\u00f1os de edad<\/strong>, te esperamos.<\/p>\n<p><strong>HORARIO<\/strong>: de 9 a 13 H (acogida a las 8:45 hy recogida hasta las 13:15 h)<\/p>\n<p><strong>PRECIOS<\/strong>: 6 d\u00edas 72\u20ac. 4 d\u00edas 56\u20ac. D\u00edas sueltos 20\u20ac. Descuento de 10% para hermanos.<\/p>\n<p>Este casal estar\u00e1 inspirado con el\u00a0 Diwali una festividad ind\u00fa inspirada en la luz que se empieza a abrir en la oscuridad.<\/p>\n<p>En S\u00e2dhana Yoga nos gusta recordar que durante el mes de diciembre es cuando est\u00e1 la noche m\u00e1s larga y que es a partir de estos d\u00edas cuando se empieza a dar la luz m\u00e1s presente.<\/p>\n<p>Ayudar a los ni\u00f1os a descubrir este significado es una gran oportunidad de esperanza, ilusi\u00f3n y creatividad para ellas y ellos.<\/p>\n<p>Estas Navidades queremos que los ni\u00f1os y ni\u00f1as llenen su coraz\u00f3n de luz y calor. Que conozcan todas las cosas bonitas que llevan en su interior a trav\u00e9s de nuestro Casal de Navidad:<\/p>\n<p>\u00bfTienes ganas de venir? Nosotros tenemos ganas de empezar.<\/p>\n<p>Para reservas env\u00edanos un mensaje \u00a0o contacta con nosotros por\u00a0 <a href=\"tel:+34612255831\" target=\"_blank\" rel=\"noopener\">WhatsApp<\/a><br \/>\no por EMAIL<\/p>\n<p>Gracias!<\/p>\n","protected":false},"excerpt":{"rendered":"<p>En Navidad, celebraremos la llegada de la luz. Ya puedes apuntar a tus ni\u00f1as o ni\u00f1os en el Casal de [&hellip;]<\/p>\n","protected":false},"author":1,"featured_media":3149,"comment_status":"closed","ping_status":"closed","sticky":false,"template":"","format":"standard","meta":{"site-sidebar-layout":"default","site-content-layout":"","ast-site-content-layout":"default","site-content-style":"default","site-sidebar-style":"default","ast-global-header-display":"","ast-banner-title-visibility":"","ast-main-header-display":"","ast-hfb-above-header-display":"","ast-hfb-below-header-display":"","ast-hfb-mobile-header-display":"","site-post-title":"","ast-breadcrumbs-content":"","ast-featured-img":"","footer-sml-layout":"","ast-disable-related-posts":"","theme-transparent-header-meta":"","adv-header-id-meta":"","stick-header-meta":"","header-above-stick-meta":"","header-main-stick-meta":"","header-below-stick-meta":"","astra-migrate-meta-layouts":"set","ast-page-background-enabled":"default","ast-page-background-meta":{"desktop":{"background-color":"","background-image":"","background-repeat":"repeat","background-position":"center center","background-size":"auto","background-attachment":"scroll","background-type":"","background-media":"","overlay-type":"","overlay-color":"","overlay-opacity":"","overlay-gradient":""},"tablet":{"background-color":"","background-image":"","background-repeat":"repeat","background-position":"center center","background-size":"auto","background-attachment":"scroll","background-type":"","background-media":"","overlay-type":"","overlay-color":"","overlay-opacity":"","overlay-gradient":""},"mobile":{"background-color":"","background-image":"","background-repeat":"repeat","background-position":"center center","background-size":"auto","background-attachment":"scroll","background-type":"","background-media":"","overlay-type":"","overlay-color":"","overlay-opacity":"","overlay-gradient":""}},"ast-content-background-meta":{"desktop":{"background-color":"var(--ast-global-color-5)","background-image":"","background-repeat":"repeat","background-position":"center center","background-size":"auto","background-attachment":"scroll","background-type":"","background-media":"","overlay-type":"","overlay-color":"","overlay-opacity":"","overlay-gradient":""},"tablet":{"background-color":"var(--ast-global-color-5)","background-image":"","background-repeat":"repeat","background-position":"center center","background-size":"auto","background-attachment":"scroll","background-type":"","background-media":"","overlay-type":"","overlay-color":"","overlay-opacity":"","overlay-gradient":""},"mobile":{"background-color":"var(--ast-global-color-5)","background-image":"","background-repeat":"repeat","background-position":"center center","background-size":"auto","background-attachment":"scroll","background-type":"","background-media":"","overlay-type":"","overlay-color":"","overlay-opacity":"","overlay-gradient":""}},"footnotes":""},"categories":[15],"tags":[],"class_list":["post-2867","post","type-post","status-publish","format-standard","has-post-thumbnail","hentry","category-actividades"],"_links":{"self":[{"href":"https:\/\/www.sadhana-yoga.es\/es\/wp-json\/wp\/v2\/posts\/2867","targetHints":{"allow":["GET"]}}],"collection":[{"href":"https:\/\/www.sadhana-yoga.es\/es\/wp-json\/wp\/v2\/posts"}],"about":[{"href":"https:\/\/www.sadhana-yoga.es\/es\/wp-json\/wp\/v2\/types\/post"}],"author":[{"embeddable":true,"href":"https:\/\/www.sadhana-yoga.es\/es\/wp-json\/wp\/v2\/users\/1"}],"replies":[{"embeddable":true,"href":"https:\/\/www.sadhana-yoga.es\/es\/wp-json\/wp\/v2\/comments?post=2867"}],"version-history":[{"count":1,"href":"https:\/\/www.sadhana-yoga.es\/es\/wp-json\/wp\/v2\/posts\/2867\/revisions"}],"predecessor-version":[{"id":3062,"href":"https:\/\/www.sadhana-yoga.es\/es\/wp-json\/wp\/v2\/posts\/2867\/revisions\/3062"}],"wp:featuredmedia":[{"embeddable":true,"href":"https:\/\/www.sadhana-yoga.es\/es\/wp-json\/wp\/v2\/media\/3149"}],"wp:attachment":[{"href":"https:\/\/www.sadhana-yoga.es\/es\/wp-json\/wp\/v2\/media?parent=2867"}],"wp:term":[{"taxonomy":"category","embeddable":true,"href":"https:\/\/www.sadhana-yoga.es\/es\/wp-json\/wp\/v2\/categories?post=2867"},{"taxonomy":"post_tag","embeddable":true,"href":"https:\/\/www.sadhana-yoga.es\/es\/wp-json\/wp\/v2\/tags?post=2867"}],"curies":[{"name":"wp","href":"https:\/\/api.w.org\/{rel}","templated":true}]}}