{"id":2879,"date":"2023-04-17T16:29:13","date_gmt":"2023-04-17T16:29:13","guid":{"rendered":"https:\/\/www.sadhana-yoga.es\/es\/formacion-de-verano-educar-la-paz-a-traves-del-yoga\/"},"modified":"2025-12-03T12:09:18","modified_gmt":"2025-12-03T12:09:18","slug":"formacion-de-verano-educar-la-paz-a-traves-del-yoga","status":"publish","type":"post","link":"https:\/\/www.sadhana-yoga.es\/es\/formacion-de-verano-educar-la-paz-a-traves-del-yoga\/","title":{"rendered":"FORMACI\u00d3N DE VERANO. Educar la Paz a trav\u00e9s del Yoga."},"content":{"rendered":"<p><strong>La educaci\u00f3n de la paz est\u00e1 basada en el despertar de las cualidades del coraz\u00f3n: los valores.<\/strong><\/p>\n<p>El prop\u00f3sito de esta formaci\u00f3n es ofrecer herramientas que aporta el Yoga para crear un ambiente interno de armon\u00eda, autoestima y respeto hacia uno mismo y hacia los dem\u00e1s.<\/p>\n<p>Este curso est\u00e1 enfocado en c\u00f3mo aplicar en el aula, en casa o en cualquier entorno educativo estas herramientas para activar los valores del coraz\u00f3n.<\/p>\n<p>A partir de un cuento cuidadosamente seleccionado, despertaremos la paz a trav\u00e9s de posturas, juegos de respiraci\u00f3n, relajaci\u00f3n consciente, meditaci\u00f3n creativa, creaci\u00f3n art\u00edstica y las canciones El Yoga Educa\u00ae, dise\u00f1adas para armonizar el cuerpo y la mente.<\/p>\n<p><strong>Contenidos:<\/strong><\/p>\n<p>La pr\u00e1ctica de Yoga de la educadora, del educador, como herramienta esencial para la educaci\u00f3n de la paz.<br \/>\nYoga por Educar\u00ae: un m\u00e9todo para educar la paz en ni\u00f1os, adolescentes y j\u00f3venes.<br \/>\nRecursos para despertar la paz en el aula, en casa y en cualquier entorno educativo.<\/p>\n<p>Formaci\u00f3n dirigida a maestros, familias, profesores de Yoga.<\/p>\n<p>Esta formaci\u00f3n se realiza en coordinaci\u00f3n entre Sadhana centro de Yoga y El Yoga Educa\u00ae, formaci\u00f3n y educaci\u00f3n consciente a lo largo de la vida.<\/p>\n<p><strong>DURACI\u00d3N<\/strong><br \/>\n32 horas<br \/>\n<strong>HORARIO<\/strong><br \/>\nde 16:00 a 20:00<br \/>\n<strong>CALENDARIO<\/strong><br \/>\n26, 27, 28, 29 de junio; 3, 4, 5, 6 de julio<br \/>\n<strong>LUGAR<\/strong><br \/>\nS\u00e2dhana centro de Yoga<br \/>\nAvenida de Barcelona, \u200b\u200b182<br \/>\nIgualada<br \/>\n<strong>PRECIO<\/strong><br \/>\n290 euros si te inscribes antes del 12 de junio<br \/>\n330 euros si te inscribes a partir del 13 de junio<\/p>\n<p><strong>IMPARTE<\/strong><br \/>\nL\u00eddia Serra L\u00f3pez, maestra de primaria y profesora de Satyananda yoga\/Bihar yoga\u00ae.<br \/>\nCreadora del m\u00e9todo Yoga para Educar\u00ae.<\/p>\n<p>Haz tu reserva en el <a href=\"tel:+34612255831\" target=\"_blank\" rel=\"noopener\">612 255 831<\/a> o en <a href=\"mailto:info@sadhana.yoga.es\" target=\"_blank\" rel=\"noopener\">info@sadhana.yoga.es<\/a><\/p>\n","protected":false},"excerpt":{"rendered":"<p>La educaci\u00f3n de la paz est\u00e1 basada en el despertar de las cualidades del coraz\u00f3n: los valores. El prop\u00f3sito de [&hellip;]<\/p>\n","protected":false},"author":1,"featured_media":3155,"comment_status":"closed","ping_status":"closed","sticky":false,"template":"","format":"standard","meta":{"site-sidebar-layout":"default","site-content-layout":"","ast-site-content-layout":"default","site-content-style":"default","site-sidebar-style":"default","ast-global-header-display":"","ast-banner-title-visibility":"","ast-main-header-display":"","ast-hfb-above-header-display":"","ast-hfb-below-header-display":"","ast-hfb-mobile-header-display":"","site-post-title":"","ast-breadcrumbs-content":"","ast-featured-img":"","footer-sml-layout":"","ast-disable-related-posts":"","theme-transparent-header-meta":"","adv-header-id-meta":"","stick-header-meta":"","header-above-stick-meta":"","header-main-stick-meta":"","header-below-stick-meta":"","astra-migrate-meta-layouts":"set","ast-page-background-enabled":"default","ast-page-background-meta":{"desktop":{"background-color":"","background-image":"","background-repeat":"repeat","background-position":"center center","background-size":"auto","background-attachment":"scroll","background-type":"","background-media":"","overlay-type":"","overlay-color":"","overlay-opacity":"","overlay-gradient":""},"tablet":{"background-color":"","background-image":"","background-repeat":"repeat","background-position":"center center","background-size":"auto","background-attachment":"scroll","background-type":"","background-media":"","overlay-type":"","overlay-color":"","overlay-opacity":"","overlay-gradient":""},"mobile":{"background-color":"","background-image":"","background-repeat":"repeat","background-position":"center center","background-size":"auto","background-attachment":"scroll","background-type":"","background-media":"","overlay-type":"","overlay-color":"","overlay-opacity":"","overlay-gradient":""}},"ast-content-background-meta":{"desktop":{"background-color":"var(--ast-global-color-5)","background-image":"","background-repeat":"repeat","background-position":"center center","background-size":"auto","background-attachment":"scroll","background-type":"","background-media":"","overlay-type":"","overlay-color":"","overlay-opacity":"","overlay-gradient":""},"tablet":{"background-color":"var(--ast-global-color-5)","background-image":"","background-repeat":"repeat","background-position":"center center","background-size":"auto","background-attachment":"scroll","background-type":"","background-media":"","overlay-type":"","overlay-color":"","overlay-opacity":"","overlay-gradient":""},"mobile":{"background-color":"var(--ast-global-color-5)","background-image":"","background-repeat":"repeat","background-position":"center center","background-size":"auto","background-attachment":"scroll","background-type":"","background-media":"","overlay-type":"","overlay-color":"","overlay-opacity":"","overlay-gradient":""}},"footnotes":""},"categories":[25],"tags":[],"class_list":["post-2879","post","type-post","status-publish","format-standard","has-post-thumbnail","hentry","category-formaciones"],"_links":{"self":[{"href":"https:\/\/www.sadhana-yoga.es\/es\/wp-json\/wp\/v2\/posts\/2879","targetHints":{"allow":["GET"]}}],"collection":[{"href":"https:\/\/www.sadhana-yoga.es\/es\/wp-json\/wp\/v2\/posts"}],"about":[{"href":"https:\/\/www.sadhana-yoga.es\/es\/wp-json\/wp\/v2\/types\/post"}],"author":[{"embeddable":true,"href":"https:\/\/www.sadhana-yoga.es\/es\/wp-json\/wp\/v2\/users\/1"}],"replies":[{"embeddable":true,"href":"https:\/\/www.sadhana-yoga.es\/es\/wp-json\/wp\/v2\/comments?post=2879"}],"version-history":[{"count":3,"href":"https:\/\/www.sadhana-yoga.es\/es\/wp-json\/wp\/v2\/posts\/2879\/revisions"}],"predecessor-version":[{"id":3044,"href":"https:\/\/www.sadhana-yoga.es\/es\/wp-json\/wp\/v2\/posts\/2879\/revisions\/3044"}],"wp:featuredmedia":[{"embeddable":true,"href":"https:\/\/www.sadhana-yoga.es\/es\/wp-json\/wp\/v2\/media\/3155"}],"wp:attachment":[{"href":"https:\/\/www.sadhana-yoga.es\/es\/wp-json\/wp\/v2\/media?parent=2879"}],"wp:term":[{"taxonomy":"category","embeddable":true,"href":"https:\/\/www.sadhana-yoga.es\/es\/wp-json\/wp\/v2\/categories?post=2879"},{"taxonomy":"post_tag","embeddable":true,"href":"https:\/\/www.sadhana-yoga.es\/es\/wp-json\/wp\/v2\/tags?post=2879"}],"curies":[{"name":"wp","href":"https:\/\/api.w.org\/{rel}","templated":true}]}}