{"id":2910,"date":"2024-07-16T17:56:09","date_gmt":"2024-07-16T17:56:09","guid":{"rendered":"https:\/\/www.sadhana-yoga.es\/es\/voluntariado-de-yoga-oncologico\/"},"modified":"2025-12-03T17:55:56","modified_gmt":"2025-12-03T17:55:56","slug":"voluntariado-de-yoga-oncologico","status":"publish","type":"post","link":"https:\/\/www.sadhana-yoga.es\/es\/voluntariado-de-yoga-oncologico\/","title":{"rendered":"VOLUNTARIADO DE YOGA ONCOL\u00d3GICO"},"content":{"rendered":"<p>Es la adaptaci\u00f3n de la pr\u00e1ctica tradicional del yoga a las condiciones f\u00edsicas y emocionales de las personas<\/p>\n<p>que transitan por un proceso oncol\u00f3gico, as\u00ed como a las caracter\u00edsticas de la enfermedad y al efecto sobre<\/p>\n<p>el tratamiento.<\/p>\n<p>\u201cNo se centra en la enfermedad, sino en c\u00f3mo las personas se relacionan con ella\u201d.<!--more--><\/p>\n<p>Promueve la participaci\u00f3n del paciente como agente activo de un proceso de recuperaci\u00f3n.<\/p>\n<p>Es una actividad planificada, estudiada, estructurada y repetida que activa todo el cuerpo.<\/p>\n<p><strong>Sesiones gratuita<\/strong><\/p>\n<p>Como centro de yoga queremos hacer llegar esta disciplina a diferentes personas y dar a conocer<\/p>\n<p>sus beneficios no solo respecto a la enfermedad sino en c\u00f3mo las personas se relacionan con ella.<\/p>\n<p><strong>Impartido por<\/strong><\/p>\n<p>Enfermera quir\u00fargica e instructora de yoga oncol\u00f3gico con amplia formaci\u00f3n en diversas \u00e1reas sanitaria<\/p>\n<p><strong>Mejoras<\/strong><\/p>\n<p>Funci\u00f3n motora, funci\u00f3n cardiopulmonar, fuerza muscular, flexibilidad articular, calidad del sue\u00f1o, vitalidad, autoestima.<\/p>\n<p><strong>Disminuye<\/strong><\/p>\n<p>Dolor, niveles de cortisol, fatiga, miedo, ansiedad, estr\u00e9s<\/p>\n<p><strong>Charla informativa<\/strong>: 2 de julio de 2024 a las 11:00h<\/p>\n<p><strong>Sesi\u00f3n de yoga oncol\u00f3gico<\/strong>: 9 de julio a las 11:00h<\/p>\n<p>Inscripciones en S\u00e2dhana Yoga i Pilates T 612 255 831<\/p>\n<p><strong>\u00a0<\/strong><\/p>\n","protected":false},"excerpt":{"rendered":"<p>Es la adaptaci\u00f3n de la pr\u00e1ctica tradicional del yoga a las condiciones f\u00edsicas y emocionales de las personas que transitan [&hellip;]<\/p>\n","protected":false},"author":1,"featured_media":3173,"comment_status":"closed","ping_status":"closed","sticky":false,"template":"","format":"standard","meta":{"site-sidebar-layout":"default","site-content-layout":"","ast-site-content-layout":"default","site-content-style":"default","site-sidebar-style":"default","ast-global-header-display":"","ast-banner-title-visibility":"","ast-main-header-display":"","ast-hfb-above-header-display":"","ast-hfb-below-header-display":"","ast-hfb-mobile-header-display":"","site-post-title":"","ast-breadcrumbs-content":"","ast-featured-img":"","footer-sml-layout":"","ast-disable-related-posts":"","theme-transparent-header-meta":"","adv-header-id-meta":"","stick-header-meta":"","header-above-stick-meta":"","header-main-stick-meta":"","header-below-stick-meta":"","astra-migrate-meta-layouts":"set","ast-page-background-enabled":"default","ast-page-background-meta":{"desktop":{"background-color":"","background-image":"","background-repeat":"repeat","background-position":"center center","background-size":"auto","background-attachment":"scroll","background-type":"","background-media":"","overlay-type":"","overlay-color":"","overlay-opacity":"","overlay-gradient":""},"tablet":{"background-color":"","background-image":"","background-repeat":"repeat","background-position":"center center","background-size":"auto","background-attachment":"scroll","background-type":"","background-media":"","overlay-type":"","overlay-color":"","overlay-opacity":"","overlay-gradient":""},"mobile":{"background-color":"","background-image":"","background-repeat":"repeat","background-position":"center center","background-size":"auto","background-attachment":"scroll","background-type":"","background-media":"","overlay-type":"","overlay-color":"","overlay-opacity":"","overlay-gradient":""}},"ast-content-background-meta":{"desktop":{"background-color":"var(--ast-global-color-5)","background-image":"","background-repeat":"repeat","background-position":"center center","background-size":"auto","background-attachment":"scroll","background-type":"","background-media":"","overlay-type":"","overlay-color":"","overlay-opacity":"","overlay-gradient":""},"tablet":{"background-color":"var(--ast-global-color-5)","background-image":"","background-repeat":"repeat","background-position":"center center","background-size":"auto","background-attachment":"scroll","background-type":"","background-media":"","overlay-type":"","overlay-color":"","overlay-opacity":"","overlay-gradient":""},"mobile":{"background-color":"var(--ast-global-color-5)","background-image":"","background-repeat":"repeat","background-position":"center center","background-size":"auto","background-attachment":"scroll","background-type":"","background-media":"","overlay-type":"","overlay-color":"","overlay-opacity":"","overlay-gradient":""}},"footnotes":""},"categories":[15],"tags":[],"class_list":["post-2910","post","type-post","status-publish","format-standard","has-post-thumbnail","hentry","category-actividades"],"_links":{"self":[{"href":"https:\/\/www.sadhana-yoga.es\/es\/wp-json\/wp\/v2\/posts\/2910","targetHints":{"allow":["GET"]}}],"collection":[{"href":"https:\/\/www.sadhana-yoga.es\/es\/wp-json\/wp\/v2\/posts"}],"about":[{"href":"https:\/\/www.sadhana-yoga.es\/es\/wp-json\/wp\/v2\/types\/post"}],"author":[{"embeddable":true,"href":"https:\/\/www.sadhana-yoga.es\/es\/wp-json\/wp\/v2\/users\/1"}],"replies":[{"embeddable":true,"href":"https:\/\/www.sadhana-yoga.es\/es\/wp-json\/wp\/v2\/comments?post=2910"}],"version-history":[{"count":1,"href":"https:\/\/www.sadhana-yoga.es\/es\/wp-json\/wp\/v2\/posts\/2910\/revisions"}],"predecessor-version":[{"id":2996,"href":"https:\/\/www.sadhana-yoga.es\/es\/wp-json\/wp\/v2\/posts\/2910\/revisions\/2996"}],"wp:featuredmedia":[{"embeddable":true,"href":"https:\/\/www.sadhana-yoga.es\/es\/wp-json\/wp\/v2\/media\/3173"}],"wp:attachment":[{"href":"https:\/\/www.sadhana-yoga.es\/es\/wp-json\/wp\/v2\/media?parent=2910"}],"wp:term":[{"taxonomy":"category","embeddable":true,"href":"https:\/\/www.sadhana-yoga.es\/es\/wp-json\/wp\/v2\/categories?post=2910"},{"taxonomy":"post_tag","embeddable":true,"href":"https:\/\/www.sadhana-yoga.es\/es\/wp-json\/wp\/v2\/tags?post=2910"}],"curies":[{"name":"wp","href":"https:\/\/api.w.org\/{rel}","templated":true}]}}