{"id":2915,"date":"2024-07-17T17:42:55","date_gmt":"2024-07-17T17:42:55","guid":{"rendered":"https:\/\/www.sadhana-yoga.es\/es\/2025-26-formarcion-de-yoga-300h\/"},"modified":"2025-12-03T17:57:53","modified_gmt":"2025-12-03T17:57:53","slug":"2025-26-formarcion-de-yoga-300h","status":"publish","type":"post","link":"https:\/\/www.sadhana-yoga.es\/es\/2025-26-formarcion-de-yoga-300h\/","title":{"rendered":"2025-26 FORMARCI\u00d3N DE YOGA 300H."},"content":{"rendered":"<p><strong>FORMACI\u00d3N DE YOGA\u00a0 Kriya Hatha vinyasa de 300h<\/strong><\/p>\n<p><strong>Inicio enero del 2025 . Finaliza junio del 2026.<\/strong><\/p>\n<p><strong>+34 612255831<\/strong><\/p>\n<p><strong>\u00a0<\/strong><\/p>\n<p><strong>Por qu\u00e9 formarte en yoga?<\/strong><\/p>\n<p>La humanidad est\u00e1 en un momento en que es necesario liberar las t\u00e9cnicas m\u00e1s profundas y directas para su evoluci\u00f3n, por eso, en este curso os ofrecemos la oportunidad \u00a0de experimentarlas, aprenderlas, y si os apetece, ense\u00f1arlas.<!--more--><\/p>\n<p><strong>A quien va dirigida esta formaci\u00f3n?<\/strong><\/p>\n<p>Esta formaci\u00f3n est\u00e1 dirigida a toda persona que quiera profundizar en el conocimiento l\u00f3gico en toda su expresi\u00f3n.<\/p>\n<p>A quien no tiene experiencia y quiere explorar y incorporar en su vida los beneficios y las t\u00e9cnicas del yoga.<\/p>\n<p>A practicantes de yoga que quieran ir m\u00e1s all\u00e1, conocer y entender mejor su pr\u00e1ctica.<\/p>\n<p>A quien quiere dedicarse a dar clases de yoga profesionalmente.<\/p>\n<p>A quien ya es profesor de yoga y quiere adentrarse en una nueva formaci\u00f3n, revisando\u00a0 de nuevo los contenidos.<\/p>\n<p><strong>Qu\u00e9 obtendr\u00e1s en la formaci\u00f3n? <\/strong><\/p>\n<p>Conocer\u00e1s las bases del yoga.<\/p>\n<p>Entender\u00e1s mejor tu pr\u00e1ctica a trav\u00e9s de los conocimientos te\u00f3ricos.<\/p>\n<p>Te sentir\u00e1s m\u00e1s seguro como a practicante.<\/p>\n<p>Vivir\u00e1s un proceso personal que puede , impulsarte profesionalmente a ense\u00f1ar y acompa\u00f1ar a los otros en su propio camino hacia su descubrimiento interior.<\/p>\n<p>Ser\u00e1 un viaje \u00fanico de transformaci\u00f3n y aliberaci\u00f3n de la consciencia.<\/p>\n<p><strong>Conoce a nuestro formador:<\/strong><\/p>\n<p><a href=\"https:\/\/www.instagram.com\/p\/C8ys8FLNXla\/\">Samuel Gunas.<br \/>\nHatha Vinyasa Yoga. Kriya Yoga.<br \/>\nTaix\u00ed y Qigong.<\/a><\/p>\n<p>El Taoisme y artes marciales fueron mi inicio en ese camino al que llegu\u00e9 a partir de hacerme preguntas existenciales y sentirme perdido. Empec\u00e9 a estudiar Taoisme y artes marciales.<br \/>\nEnseguida lleg\u00f3 a mi vida el inter\u00e9s por los valores de diversas religiones, filosof\u00edas y medicina tradicional china. Todo este proceso durante m\u00e1s de 6 a\u00f1os me ha llenado de vivencias y conocimientos que combino con la pr\u00e1ctica y la formaci\u00f3n del yoga.<br \/>\nMe form\u00e9 en el yoga en la escuela\u201d Kriya Yoga de Babaji\u201d y a \u201cSRF (Self Realization Fellowship \u2013 Paramahansa Yoganada)\u201c y \u00e9sta ha sido mi mayor influencia. Esto me lleva a un espacio de profundidad, paz y autoconocimiento.<\/p>\n<p>He complementado mi conocimiento con Mandiram Vinyasa Yoga y a Yogaone, donde aprend\u00ed Hatha y diferentes estilos m\u00e1s.<\/p>\n<p>Hoy, despu\u00e9s de 12 a\u00f1os desde que empez\u00f3 mi camino, puedo asegurar que cada cosa se me ha presentado en el momento indicado cuando estaba preparado para ella, y ahora es el momento para ofrecerte todo mi conocimiento. He creado esta formaci\u00f3n porque puedas descobrir una nueva manera de incorporar el yoga a tu vida.<\/p>\n<p><strong>\u00a0<\/strong><\/p>\n<p><strong>Resumen del contenido<\/strong><\/p>\n<p>Historia y filosof\u00eda del yoga.<\/p>\n<p>Ajustes de Asana.<\/p>\n<p>Anatom\u00eda.<\/p>\n<p>Pranayama.<\/p>\n<p>Meditaci\u00f3n.<\/p>\n<p>Ayurveda.<\/p>\n<p>Astrolog\u00eda.<\/p>\n<p>Aspectos sutiles del yoga.<\/p>\n<p>Mantra y kirtan.<\/p>\n<p>Pedagog\u00eda.<\/p>\n<p>Metodolog\u00eda para avanzar en la pr\u00e1ctica espiritual.<\/p>\n<p>Retiro de silencio.<\/p>\n<p>Pr\u00e1cticas.<\/p>\n<p><strong>\u00a0<\/strong><strong>Contenido general<\/strong><\/p>\n<p>-Aspectos generales:<\/p>\n<p>-Introducci\u00f3n a la historia del Yoga.<\/p>\n<p>-Las escuelas del Hinduismo.<\/p>\n<p>-Mente, conciencia y ciencia.<\/p>\n<p>-Anatom\u00eda y biomec\u00e1nica.<\/p>\n<p>-Anatom\u00eda de la respiraci\u00f3n.<\/p>\n<p>-Mitolog\u00eda Hind\u00fa.<\/p>\n<p>-Ayurveda.<\/p>\n<p>-Astrolog\u00eda.<\/p>\n<p>-An\u00e1lisis y estudio del Yoga Sutras de Patanjali.<\/p>\n<p>-An\u00e1lisis y estudio del Bhagavad Gita.<\/p>\n<p>-Los 5 aspectos de la vida saludable.<\/p>\n<p>-El sonido, la vibraci\u00f3n y la conciencia.<\/p>\n<p>-Shatkarmas (limpieza \u00a0o purificaciones).<\/p>\n<p>-Alimentaci\u00f3n Y\u00f2guica.<\/p>\n<p><strong>Aspectos t\u00e9cnicos de las asanas:<\/strong><\/p>\n<p><strong>&#8211;<\/strong>Anatom\u00eda aplicada al Yoga.<\/p>\n<p>-Bases de alineaci\u00f3n.<\/p>\n<p>-Las 6 posturas mare.<\/p>\n<p>-Ajustes de la salutaci\u00f3n al Sol.<\/p>\n<p>-Ajustes de posturas de pie.<\/p>\n<p>-Ajustes de posturas en torsi\u00f3n.<\/p>\n<p>-Ajustes de posturas en flexi\u00f3n hacia adelante.<\/p>\n<p>-Ajustes de posturas en extensi\u00f3n.<\/p>\n<p>-Ajustes de posturas invertidas.<\/p>\n<p>-Los 5 aspectos del Hatha-Vinyasa.<\/p>\n<p>-La respiraci\u00f3n y el movimiento.<\/p>\n<p>-La respiraci\u00f3n y la postura est\u00e1tica psicosom\u00e1tica.<\/p>\n<p>-Yoga Restaurativo.<\/p>\n<p>-El uso de bloques, mantas y cinturones.<\/p>\n<p><strong>Aspectos sutiles:<\/strong><\/p>\n<p>-Los 5 Vayus.<\/p>\n<p>-Los 5 Bindus.<\/p>\n<p>-Los Chakras y Bija Mantras.<\/p>\n<p>-Kutashta.<\/p>\n<p>-Sthula y Kosha (cuerpos y capas del ser humano).<\/p>\n<p>-Mudras.<\/p>\n<p>-Bhandas y Granthis (nudos energ\u00e9ticos).<\/p>\n<p>-Prana Nidra.<\/p>\n<p>-Yoga Nidra.<\/p>\n<p>-El sonido y la visi\u00f3n interna.<\/p>\n<p>-Kirtan.<\/p>\n<p>-Ba\u00f1os de sonido.<\/p>\n<p><strong>Aspectos t\u00e9cnicos de pranayama y meditaci\u00f3n:<\/strong><\/p>\n<p>-Respiraci\u00f3n y\u00f3guica.<\/p>\n<p>-Ujjay y pranayama.<\/p>\n<p>-Surya bhedana y Chandra bhedana.<\/p>\n<p>-Sitali pranayama.<\/p>\n<p>-Nadi Shodhana.<\/p>\n<p>-Kapalabhati.<\/p>\n<p>-Bashtrika.<\/p>\n<p>-Maitreka pranayama.<\/p>\n<p>-Kriya pranayama 1, 2 i 3.<\/p>\n<p>-Kriya de respiraci\u00f3n corta.<\/p>\n<p>-Sushumna Shodhana.<\/p>\n<p>-Japa Om.<\/p>\n<p>-Meditaci\u00f3n Japa.<\/p>\n<p>-Mantra Yoga.<\/p>\n<p>-Reada Yoga.<\/p>\n<p>-Meditaci\u00f3n Tratak.<\/p>\n<p>-Meditaci\u00f3n Vipassana.<\/p>\n<p>-El estado sin aliento, Samadhi.<\/p>\n<p><strong>Aspectos pedag\u00f3gicos:<\/strong><\/p>\n<p>-Como dictar clase.<\/p>\n<p>-Variaciones de posturas para lesiones.<\/p>\n<p>-Yoga para ni\u00f1os.<\/p>\n<p>-Como guiar una relajaci\u00f3n<\/p>\n<p>-Como guiar una sesi\u00f3n de pranayama.<\/p>\n<p>-Como guiar la meditaci\u00f3n.<\/p>\n<p>-Aprender a secuenciar una pr\u00e1ctica.<\/p>\n<p><strong>\u00a0<\/strong><\/p>\n<p><strong>Lugar, Fechas, horarios<\/strong><\/p>\n<p><strong>S\u00e2dhana Yoga y Pilates<\/strong><\/p>\n<p>Av Barcelona 182 A local 1 Igualada, Barcelona \u00a0\u00a0\u00a0T 612255831<\/p>\n<p>S\u00e1bado de 10:00h a 18:30h, con pausa para desayuno y almuerzo.<br \/>\nDomingo de 10:00h a 14:30h, con pausa para desayuno.<\/p>\n<p><strong><u>FECHAS:<\/u><\/strong><\/p>\n<p>18 y 19 enero 2025<\/p>\n<p>15 y 16\u00a0 febrero 2025<\/p>\n<p>15 y 16 marzo 2025<\/p>\n<p>12 y 13 abril 2025<\/p>\n<p>17 y 18 mayo 2025<\/p>\n<p>14 y 15 junio 2025<\/p>\n<p>12 y 13 julio 2025<\/p>\n<p>Agosto descanso<\/p>\n<p>20 y 21 septiembre 2025<\/p>\n<p>18 y 19 octubre 2025<\/p>\n<p>15 y 16 noviembre 2025<\/p>\n<p>Diciembre descanso<\/p>\n<p>10 y 11 enero 2026<\/p>\n<p>7 y 8 febrero 2026<\/p>\n<p>7 y 8 marzo 2026<\/p>\n<p>10, 11 y 12 abril 2026 Retiro<\/p>\n<p>9 y 10 de mayo<\/p>\n<p>Pr\u00e1cticas para recibir 50<br \/>\nClases pr\u00e1cticas para dar 3<\/p>\n<p><strong>Precios y forma de pago<\/strong><\/p>\n<p><strong><u>PREINSCRIPCI\u00d3N<\/u><\/strong><strong> (<\/strong><strong>v\u00e1lida hasta el 15 de septiembre)<\/strong><\/p>\n<p><strong>1870\u20ac &#8211; <\/strong>370\u20ac de reserva y cuotas bimensuales;<\/p>\n<p>300\u20ac el primer d\u00eda de curso,\u00a0 300\u20ac en mayo,\u00a0 300\u20ac en junio,\u00a0\u00a0 300\u20ac en septiembre<\/p>\n<p>300\u20ac en noviembre<\/p>\n<p>(Con la preinscripci\u00f3n se incluye de regalo una esterilla\u00a0 ecol\u00f3gica antideslizante y\u00a0 \u00a0 \u00a0 \u00a0 \u00a0 \u00a0 \u00a0 \u00a0 \u00a0 \u00a0 \u00a0 \u00a0 \u00a0 \u00a0 \u00a0 \u00a0 \u00a0 \u00a0 \u00a0 \u00a0 \u00a0 \u00a0 \u00a0 \u00a0 \u00a0 \u00a0 \u00a0 \u00a0 \u00a0 \u00a0 un japamala de Movimento Awake, todo valorado en 115\u20ac).<\/p>\n<p><strong><u>INSCRIPCI\u00d3N ANTICIPADA<\/u><\/strong> <strong>(v\u00e1lida hasta el 30 de octubre)<\/strong><\/p>\n<p><strong>1870\u20ac<\/strong> &#8211; 370\u20ac de reserva y cuotas bimensuales,\u00a0 300\u20ac el primer d\u00eda de curso,\u00a0 \u00a0 \u00a0 \u00a0 \u00a0 \u00a0 \u00a0 \u00a0 \u00a0 \u00a0 \u00a0 \u00a0 \u00a0 \u00a0 \u00a0 \u00a0 \u00a0 \u00a0 \u00a0 \u00a0 \u00a0 \u00a0 \u00a0 \u00a0 \u00a0 \u00a0 \u00a0 \u00a0 \u00a0 \u00a0 \u00a0 \u00a0 \u00a0 \u00a0 \u00a0 \u00a0 \u00a0300\u20ac en mayo, 300\u20ac en junio,\u00a0 300\u20ac en septiembre,\u00a0 300\u20ac en noviembre.<\/p>\n<p><strong><u>INSCRIPCI\u00d3N<\/u><\/strong> <strong>(v\u00e1lida hasta el 15 de enero)<\/strong><\/p>\n<p><strong>2150\u20ac<\/strong> &#8211; 350\u20ac de reserva y cuotas bimensuales,\u00a0 400\u20ac el primer d\u00eda de curso,\u00a0 400\u20ac en mayo,\u00a0 \u00a0 \u00a0 \u00a0 \u00a0 \u00a0 \u00a0 \u00a0 \u00a0 \u00a0 \u00a0 \u00a0 \u00a0 \u00a0 \u00a0 \u00a0 \u00a0 400\u20ac en junio,\u00a0 300\u20ac en septiembre, 300\u20ac en noviembre.<\/p>\n<p><strong>Acreditaci\u00f3n<\/strong><\/p>\n<p>Formaci\u00f3n acreditada por Yoga Alliance 300h<\/p>\n<p>Se dar\u00e1 soporte did\u00e1ctico en formato digital.<\/p>\n<p><a href=\"https:\/\/forms.gle\/M4UvRG8xdd7c8efK9\">Inscr\u00edbete aqu\u00ed<\/a><\/p>\n<p>Necesitas m\u00e1s informaci\u00f3n? <a href=\"https:\/\/www.sadhana-yoga.es\/es\/contactar\/\">Cont\u00e1ctanos<\/a><\/p>\n<p><strong>+34 612255831<\/strong><\/p>\n<p><strong>\u00a0<\/strong><\/p>\n<p><strong><em>El \u00e9xito del yoga no est\u00e1 en la capacidad de hacer posturas, sino en c\u00f3mo cambia positivamente la manera como vivimos nuestra vida y nuestra relaciones.<\/em><\/strong><\/p>\n<p><strong><em>\u00a0\u00a0\u00a0\u00a0\u00a0\u00a0\u00a0\u00a0\u00a0\u00a0\u00a0\u00a0\u00a0\u00a0\u00a0\u00a0\u00a0\u00a0\u00a0\u00a0\u00a0\u00a0\u00a0\u00a0\u00a0\u00a0\u00a0\u00a0\u00a0\u00a0\u00a0\u00a0\u00a0\u00a0\u00a0\u00a0\u00a0\u00a0\u00a0\u00a0\u00a0\u00a0\u00a0\u00a0\u00a0\u00a0\u00a0\u00a0\u00a0\u00a0\u00a0\u00a0\u00a0\u00a0\u00a0\u00a0\u00a0\u00a0\u00a0\u00a0\u00a0\u00a0\u00a0\u00a0\u00a0\u00a0\u00a0\u00a0\u00a0\u00a0\u00a0\u00a0\u00a0\u00a0\u00a0\u00a0\u00a0 T.K.V. Desikachar<\/em><\/strong><\/p>\n","protected":false},"excerpt":{"rendered":"<p>FORMACI\u00d3N DE YOGA\u00a0 Kriya Hatha vinyasa de 300h Inicio enero del 2025 . Finaliza junio del 2026. +34 612255831 \u00a0 [&hellip;]<\/p>\n","protected":false},"author":1,"featured_media":3175,"comment_status":"closed","ping_status":"closed","sticky":false,"template":"","format":"standard","meta":{"site-sidebar-layout":"default","site-content-layout":"","ast-site-content-layout":"default","site-content-style":"default","site-sidebar-style":"default","ast-global-header-display":"","ast-banner-title-visibility":"","ast-main-header-display":"","ast-hfb-above-header-display":"","ast-hfb-below-header-display":"","ast-hfb-mobile-header-display":"","site-post-title":"","ast-breadcrumbs-content":"","ast-featured-img":"","footer-sml-layout":"","ast-disable-related-posts":"","theme-transparent-header-meta":"","adv-header-id-meta":"","stick-header-meta":"","header-above-stick-meta":"","header-main-stick-meta":"","header-below-stick-meta":"","astra-migrate-meta-layouts":"set","ast-page-background-enabled":"default","ast-page-background-meta":{"desktop":{"background-color":"","background-image":"","background-repeat":"repeat","background-position":"center center","background-size":"auto","background-attachment":"scroll","background-type":"","background-media":"","overlay-type":"","overlay-color":"","overlay-opacity":"","overlay-gradient":""},"tablet":{"background-color":"","background-image":"","background-repeat":"repeat","background-position":"center center","background-size":"auto","background-attachment":"scroll","background-type":"","background-media":"","overlay-type":"","overlay-color":"","overlay-opacity":"","overlay-gradient":""},"mobile":{"background-color":"","background-image":"","background-repeat":"repeat","background-position":"center center","background-size":"auto","background-attachment":"scroll","background-type":"","background-media":"","overlay-type":"","overlay-color":"","overlay-opacity":"","overlay-gradient":""}},"ast-content-background-meta":{"desktop":{"background-color":"var(--ast-global-color-5)","background-image":"","background-repeat":"repeat","background-position":"center center","background-size":"auto","background-attachment":"scroll","background-type":"","background-media":"","overlay-type":"","overlay-color":"","overlay-opacity":"","overlay-gradient":""},"tablet":{"background-color":"var(--ast-global-color-5)","background-image":"","background-repeat":"repeat","background-position":"center center","background-size":"auto","background-attachment":"scroll","background-type":"","background-media":"","overlay-type":"","overlay-color":"","overlay-opacity":"","overlay-gradient":""},"mobile":{"background-color":"var(--ast-global-color-5)","background-image":"","background-repeat":"repeat","background-position":"center center","background-size":"auto","background-attachment":"scroll","background-type":"","background-media":"","overlay-type":"","overlay-color":"","overlay-opacity":"","overlay-gradient":""}},"footnotes":""},"categories":[25],"tags":[],"class_list":["post-2915","post","type-post","status-publish","format-standard","has-post-thumbnail","hentry","category-formaciones"],"_links":{"self":[{"href":"https:\/\/www.sadhana-yoga.es\/es\/wp-json\/wp\/v2\/posts\/2915","targetHints":{"allow":["GET"]}}],"collection":[{"href":"https:\/\/www.sadhana-yoga.es\/es\/wp-json\/wp\/v2\/posts"}],"about":[{"href":"https:\/\/www.sadhana-yoga.es\/es\/wp-json\/wp\/v2\/types\/post"}],"author":[{"embeddable":true,"href":"https:\/\/www.sadhana-yoga.es\/es\/wp-json\/wp\/v2\/users\/1"}],"replies":[{"embeddable":true,"href":"https:\/\/www.sadhana-yoga.es\/es\/wp-json\/wp\/v2\/comments?post=2915"}],"version-history":[{"count":1,"href":"https:\/\/www.sadhana-yoga.es\/es\/wp-json\/wp\/v2\/posts\/2915\/revisions"}],"predecessor-version":[{"id":2990,"href":"https:\/\/www.sadhana-yoga.es\/es\/wp-json\/wp\/v2\/posts\/2915\/revisions\/2990"}],"wp:featuredmedia":[{"embeddable":true,"href":"https:\/\/www.sadhana-yoga.es\/es\/wp-json\/wp\/v2\/media\/3175"}],"wp:attachment":[{"href":"https:\/\/www.sadhana-yoga.es\/es\/wp-json\/wp\/v2\/media?parent=2915"}],"wp:term":[{"taxonomy":"category","embeddable":true,"href":"https:\/\/www.sadhana-yoga.es\/es\/wp-json\/wp\/v2\/categories?post=2915"},{"taxonomy":"post_tag","embeddable":true,"href":"https:\/\/www.sadhana-yoga.es\/es\/wp-json\/wp\/v2\/tags?post=2915"}],"curies":[{"name":"wp","href":"https:\/\/api.w.org\/{rel}","templated":true}]}}