{"id":2928,"date":"2025-04-30T18:15:49","date_gmt":"2025-04-30T18:15:49","guid":{"rendered":"https:\/\/www.sadhana-yoga.es\/es\/casal-de-verano-2025\/"},"modified":"2025-12-03T18:00:23","modified_gmt":"2025-12-03T18:00:23","slug":"casal-de-verano-2025","status":"publish","type":"post","link":"https:\/\/www.sadhana-yoga.es\/es\/casal-de-verano-2025\/","title":{"rendered":"CASAL DE VERANO 2025"},"content":{"rendered":"<p>\u00a1Vuelve el Casal de Verano! \u2600\ufe0f<\/p>\n<p>\u00a1Se acerca el final de curso y, con \u00e9l, ponemos en marcha una nueva edici\u00f3n de nuestro Casal de Verano en S\u00e2dhana Yoga y Pilates! Un espacio pensado para que los m\u00e1s peque\u00f1os disfruten de un verano lleno de movimiento, creatividad y diversi\u00f3n en un entorno saludable y acogedor.<\/p>\n<p><!--more--><\/p>\n<p>  Fechas: del 25 de junio al 1 de agosto<br \/>\n  Horario: de 9 ha 13 h, con servicio de acogida de 8:45 ha 13:15 h<br \/>\n  Edades: destinado a ni\u00f1os y ni\u00f1as de 4 a 12 a\u00f1os<br \/>\n  Encuentro y recogida: en el centro S\u00e2dhana Yoga y Pilates, excepto el d\u00eda de piscina<\/p>\n<p>\u2728 Actividades que haremos:<br \/>\n&#8211; Yoga<br \/>\n&#8211; Yoga A\u00e9reo<br \/>\n&#8211; Actividades art\u00edsticas con soporte en ingl\u00e9s<br \/>\n&#8211; Piscina y excursi\u00f3n un d\u00eda a la semana (En caso de que alg\u00fan ni\u00f1o no pueda ba\u00f1arse, habr\u00e1 un monitor disponible para atenderle)<\/p>\n<p>  Espacios donde se desarrollar\u00e1 el casal:<\/p>\n<p>Las primeras horas de la ma\u00f1ana, aprovecharemos la sombra y frescura del Parc Central<\/p>\n<p>Cuando empiece a hacer m\u00e1s calor, nos trasladaremos a nuestro centro, donde tenemos un espacio preparado y climatizado<\/p>\n<p>  Descuentos especiales por inscripci\u00f3n anticipada o por hermanos<\/p>\n<p>Si quieres que tu hijo o hija disfrute de un verano activo, creativo y consciente, \u00a1este es su sitio!<\/p>\n<p>Para m\u00e1s informaci\u00f3n o reservar plaza, no dudes en contactarnos.<\/p>\n<p>T.612 255 831<\/p>\n<div>\n<div>\n<div>\n<p>S\u00e2dhana Yoga i Pilates Av. de Barcelona, 182 A, Local 1, Igualada<\/p>\n<\/div>\n<\/div>\n<div>\n<p>&nbsp;<\/p>\n<\/div>\n<\/div>\n","protected":false},"excerpt":{"rendered":"<p>\u00a1Vuelve el Casal de Verano! \u2600\ufe0f \u00a1Se acerca el final de curso y, con \u00e9l, ponemos en marcha una nueva [&hellip;]<\/p>\n","protected":false},"author":1,"featured_media":3177,"comment_status":"closed","ping_status":"closed","sticky":false,"template":"","format":"standard","meta":{"site-sidebar-layout":"default","site-content-layout":"","ast-site-content-layout":"default","site-content-style":"default","site-sidebar-style":"default","ast-global-header-display":"","ast-banner-title-visibility":"","ast-main-header-display":"","ast-hfb-above-header-display":"","ast-hfb-below-header-display":"","ast-hfb-mobile-header-display":"","site-post-title":"","ast-breadcrumbs-content":"","ast-featured-img":"","footer-sml-layout":"","ast-disable-related-posts":"","theme-transparent-header-meta":"","adv-header-id-meta":"","stick-header-meta":"","header-above-stick-meta":"","header-main-stick-meta":"","header-below-stick-meta":"","astra-migrate-meta-layouts":"set","ast-page-background-enabled":"default","ast-page-background-meta":{"desktop":{"background-color":"","background-image":"","background-repeat":"repeat","background-position":"center center","background-size":"auto","background-attachment":"scroll","background-type":"","background-media":"","overlay-type":"","overlay-color":"","overlay-opacity":"","overlay-gradient":""},"tablet":{"background-color":"","background-image":"","background-repeat":"repeat","background-position":"center center","background-size":"auto","background-attachment":"scroll","background-type":"","background-media":"","overlay-type":"","overlay-color":"","overlay-opacity":"","overlay-gradient":""},"mobile":{"background-color":"","background-image":"","background-repeat":"repeat","background-position":"center center","background-size":"auto","background-attachment":"scroll","background-type":"","background-media":"","overlay-type":"","overlay-color":"","overlay-opacity":"","overlay-gradient":""}},"ast-content-background-meta":{"desktop":{"background-color":"var(--ast-global-color-5)","background-image":"","background-repeat":"repeat","background-position":"center center","background-size":"auto","background-attachment":"scroll","background-type":"","background-media":"","overlay-type":"","overlay-color":"","overlay-opacity":"","overlay-gradient":""},"tablet":{"background-color":"var(--ast-global-color-5)","background-image":"","background-repeat":"repeat","background-position":"center center","background-size":"auto","background-attachment":"scroll","background-type":"","background-media":"","overlay-type":"","overlay-color":"","overlay-opacity":"","overlay-gradient":""},"mobile":{"background-color":"var(--ast-global-color-5)","background-image":"","background-repeat":"repeat","background-position":"center center","background-size":"auto","background-attachment":"scroll","background-type":"","background-media":"","overlay-type":"","overlay-color":"","overlay-opacity":"","overlay-gradient":""}},"footnotes":""},"categories":[11],"tags":[],"class_list":["post-2928","post","type-post","status-publish","format-standard","has-post-thumbnail","hentry","category-sin-categorizar"],"_links":{"self":[{"href":"https:\/\/www.sadhana-yoga.es\/es\/wp-json\/wp\/v2\/posts\/2928","targetHints":{"allow":["GET"]}}],"collection":[{"href":"https:\/\/www.sadhana-yoga.es\/es\/wp-json\/wp\/v2\/posts"}],"about":[{"href":"https:\/\/www.sadhana-yoga.es\/es\/wp-json\/wp\/v2\/types\/post"}],"author":[{"embeddable":true,"href":"https:\/\/www.sadhana-yoga.es\/es\/wp-json\/wp\/v2\/users\/1"}],"replies":[{"embeddable":true,"href":"https:\/\/www.sadhana-yoga.es\/es\/wp-json\/wp\/v2\/comments?post=2928"}],"version-history":[{"count":1,"href":"https:\/\/www.sadhana-yoga.es\/es\/wp-json\/wp\/v2\/posts\/2928\/revisions"}],"predecessor-version":[{"id":2982,"href":"https:\/\/www.sadhana-yoga.es\/es\/wp-json\/wp\/v2\/posts\/2928\/revisions\/2982"}],"wp:featuredmedia":[{"embeddable":true,"href":"https:\/\/www.sadhana-yoga.es\/es\/wp-json\/wp\/v2\/media\/3177"}],"wp:attachment":[{"href":"https:\/\/www.sadhana-yoga.es\/es\/wp-json\/wp\/v2\/media?parent=2928"}],"wp:term":[{"taxonomy":"category","embeddable":true,"href":"https:\/\/www.sadhana-yoga.es\/es\/wp-json\/wp\/v2\/categories?post=2928"},{"taxonomy":"post_tag","embeddable":true,"href":"https:\/\/www.sadhana-yoga.es\/es\/wp-json\/wp\/v2\/tags?post=2928"}],"curies":[{"name":"wp","href":"https:\/\/api.w.org\/{rel}","templated":true}]}}