{"id":2930,"date":"2025-06-03T15:53:04","date_gmt":"2025-06-03T15:53:04","guid":{"rendered":"https:\/\/www.sadhana-yoga.es\/es\/formacion-ninos-en-equilibrio-aprender-a-canalizar-la-energia\/"},"modified":"2025-12-03T18:01:58","modified_gmt":"2025-12-03T18:01:58","slug":"formacion-ninos-en-equilibrio-aprender-a-canalizar-la-energia","status":"publish","type":"post","link":"https:\/\/www.sadhana-yoga.es\/es\/formacion-ninos-en-equilibrio-aprender-a-canalizar-la-energia\/","title":{"rendered":"FORMACI\u00d3N NI\u00d1OS EN EQUILIBRIO, APRENDER A CANALIZAR LA ENERG\u00cdA"},"content":{"rendered":"<p>Aprender herramientas de equilibrio y canalizaci\u00f3n de la energ\u00eda para acompa\u00f1ar los ni\u00f1os a tomar conciencia de sus potencialidades y de sus l\u00edmites.<br \/>\n<!--more--><\/p>\n<p><strong>Qui\u00e9n es la formadora?<\/strong><br \/>\nLidia Serra L\u00f3pez<\/p>\n<p><strong>A QUIEN VA DIRIGIDA ESTA FORMACI\u00d3N?<\/strong><br \/>\n* Dirigido a #maestro de escuela que ven en el yoga una herramienta \u00fatil para fomentar la atenci\u00f3n y favorecer el aprendizaje de sus alumnos.<br \/>\n* Tambi\u00e9n pensado para padres y madres que buscan recursos pr\u00e1cticos e inspiraci\u00f3n para acompa\u00f1ar el desarrollo de sus hijos e hijas, ayud\u00e1ndolos a cultivar la atenci\u00f3n y el bienestar.<br \/>\n* Abierto a monitores, educadores y otros profesionales implicados en el crecimiento de ni\u00f1os, ni\u00f1as y j\u00f3venes, que deseen ampliar recursos para enriquecer su tarea educativa.<\/p>\n<p><strong>CONTENIDOS<\/strong><br \/>\n\u2022 Qu\u00e9 es la energ\u00eda, tipo de energ\u00eda.<br \/>\n\u2022 Rol de la energ\u00eda en las acciones, pensamientos, sentimientos.<br \/>\n\u2022 Influencia del movimiento y la quietud en el aprendizaje.<br \/>\n\u2022 Infancia y\u00a0energ\u00eda: necesidades, l\u00edmites, respeto.<br \/>\nHerramientas para equilibrar y canalizar la energ\u00eda de los ni\u00f1os a trav\u00e9s de la mirada del m\u00e9todo\u00a0Yoga\u00a0para Educar \u00ae<\/p>\n<p><strong>METODOLOG\u00cdA<\/strong><br \/>\n\u2022 Pr\u00e1ctica de\u00a0Yoga\u00a0y pedagog\u00eda.<br \/>\n\u2022 Espacio para compartir la relaci\u00f3n entre el\u00a0Yoga\u00a0y la educaci\u00f3n que dan sentido a la pr\u00e1ctica, inquietudes y experiencias.<br \/>\n\u2022 C\u00e1psulas pr\u00e1cticas para integrar el\u00a0Yoga\u00a0en el aula: resoluciones constructivas, cuentos\u00a0yogabi\u00f2tics, posturas corporales, respiraci\u00f3n consciente, relajaci\u00f3n din\u00e1mica, meditaci\u00f3n creativa.<\/p>\n<p><strong>Duraci\u00f3n<\/strong>:<br \/>\n\u2022\u00a024h<\/p>\n<p><strong>Calendario<\/strong>:<br \/>\n\u2022 27 y 28 de junio; 11 y 12 de julio<\/p>\n<p><strong>Horario<\/strong>:<br \/>\n\u2022 Viernes de\u00a015h\u00a0a\u00a019h<br \/>\n\u2022 S\u00e1bados de 9:30h\u00a0a\u00a014h\u00a0y de 15:30h\u00a0a\u00a019h<\/p>\n<p><strong>Lugar<\/strong>:\u00a0S\u00e2dhana\u00a0Yoga\u00a0y Pilates.<br \/>\nLas plazas son limitadas, as\u00ed que te aconsejamos hacer la reserva de tu plaza lo m\u00e1s bien posible, enviando un mensaje de whatsapp o un correo electr\u00f3nico a\u00a0S\u00e2dhana\u00a0Yoga\u00a0y Pilates<\/p>\n","protected":false},"excerpt":{"rendered":"<p>Aprender herramientas de equilibrio y canalizaci\u00f3n de la energ\u00eda para acompa\u00f1ar los ni\u00f1os a tomar conciencia de sus potencialidades y [&hellip;]<\/p>\n","protected":false},"author":1,"featured_media":3181,"comment_status":"closed","ping_status":"closed","sticky":false,"template":"","format":"standard","meta":{"site-sidebar-layout":"default","site-content-layout":"","ast-site-content-layout":"default","site-content-style":"default","site-sidebar-style":"default","ast-global-header-display":"","ast-banner-title-visibility":"","ast-main-header-display":"","ast-hfb-above-header-display":"","ast-hfb-below-header-display":"","ast-hfb-mobile-header-display":"","site-post-title":"","ast-breadcrumbs-content":"","ast-featured-img":"","footer-sml-layout":"","ast-disable-related-posts":"","theme-transparent-header-meta":"","adv-header-id-meta":"","stick-header-meta":"","header-above-stick-meta":"","header-main-stick-meta":"","header-below-stick-meta":"","astra-migrate-meta-layouts":"set","ast-page-background-enabled":"default","ast-page-background-meta":{"desktop":{"background-color":"","background-image":"","background-repeat":"repeat","background-position":"center center","background-size":"auto","background-attachment":"scroll","background-type":"","background-media":"","overlay-type":"","overlay-color":"","overlay-opacity":"","overlay-gradient":""},"tablet":{"background-color":"","background-image":"","background-repeat":"repeat","background-position":"center center","background-size":"auto","background-attachment":"scroll","background-type":"","background-media":"","overlay-type":"","overlay-color":"","overlay-opacity":"","overlay-gradient":""},"mobile":{"background-color":"","background-image":"","background-repeat":"repeat","background-position":"center center","background-size":"auto","background-attachment":"scroll","background-type":"","background-media":"","overlay-type":"","overlay-color":"","overlay-opacity":"","overlay-gradient":""}},"ast-content-background-meta":{"desktop":{"background-color":"var(--ast-global-color-5)","background-image":"","background-repeat":"repeat","background-position":"center center","background-size":"auto","background-attachment":"scroll","background-type":"","background-media":"","overlay-type":"","overlay-color":"","overlay-opacity":"","overlay-gradient":""},"tablet":{"background-color":"var(--ast-global-color-5)","background-image":"","background-repeat":"repeat","background-position":"center center","background-size":"auto","background-attachment":"scroll","background-type":"","background-media":"","overlay-type":"","overlay-color":"","overlay-opacity":"","overlay-gradient":""},"mobile":{"background-color":"var(--ast-global-color-5)","background-image":"","background-repeat":"repeat","background-position":"center center","background-size":"auto","background-attachment":"scroll","background-type":"","background-media":"","overlay-type":"","overlay-color":"","overlay-opacity":"","overlay-gradient":""}},"footnotes":""},"categories":[31],"tags":[],"class_list":["post-2930","post","type-post","status-publish","format-standard","has-post-thumbnail","hentry","category-actividadesformaciones"],"_links":{"self":[{"href":"https:\/\/www.sadhana-yoga.es\/es\/wp-json\/wp\/v2\/posts\/2930","targetHints":{"allow":["GET"]}}],"collection":[{"href":"https:\/\/www.sadhana-yoga.es\/es\/wp-json\/wp\/v2\/posts"}],"about":[{"href":"https:\/\/www.sadhana-yoga.es\/es\/wp-json\/wp\/v2\/types\/post"}],"author":[{"embeddable":true,"href":"https:\/\/www.sadhana-yoga.es\/es\/wp-json\/wp\/v2\/users\/1"}],"replies":[{"embeddable":true,"href":"https:\/\/www.sadhana-yoga.es\/es\/wp-json\/wp\/v2\/comments?post=2930"}],"version-history":[{"count":1,"href":"https:\/\/www.sadhana-yoga.es\/es\/wp-json\/wp\/v2\/posts\/2930\/revisions"}],"predecessor-version":[{"id":2977,"href":"https:\/\/www.sadhana-yoga.es\/es\/wp-json\/wp\/v2\/posts\/2930\/revisions\/2977"}],"wp:featuredmedia":[{"embeddable":true,"href":"https:\/\/www.sadhana-yoga.es\/es\/wp-json\/wp\/v2\/media\/3181"}],"wp:attachment":[{"href":"https:\/\/www.sadhana-yoga.es\/es\/wp-json\/wp\/v2\/media?parent=2930"}],"wp:term":[{"taxonomy":"category","embeddable":true,"href":"https:\/\/www.sadhana-yoga.es\/es\/wp-json\/wp\/v2\/categories?post=2930"},{"taxonomy":"post_tag","embeddable":true,"href":"https:\/\/www.sadhana-yoga.es\/es\/wp-json\/wp\/v2\/tags?post=2930"}],"curies":[{"name":"wp","href":"https:\/\/api.w.org\/{rel}","templated":true}]}}